{"id":37052,"date":"2024-12-16T08:00:00","date_gmt":"2024-12-16T07:00:00","guid":{"rendered":"https:\/\/swissmig.wordpress.com\/?p=37052"},"modified":"2024-12-16T08:00:00","modified_gmt":"2024-12-16T07:00:00","slug":"les-refugies-afghans-face-aux-visas-imaginaires-suisses","status":"publish","type":"post","link":"https:\/\/swissmig.unine.ch\/?p=37052","title":{"rendered":"Les r\u00e9fugi\u00e9s afghans face aux \u00abvisas imaginaires\u00bb suisses"},"content":{"rendered":"\n<h3 class=\"wp-block-heading\"><strong>Author(s)<\/strong> : Nina Khamsy<\/h3>\n\n\n\n<h3 class=\"wp-block-heading\">Source : <a href=\"https:\/\/doi.org\/10.12685\/alm.3.2023.1338\" target=\"_blank\" rel=\"noreferrer noopener\">https:\/\/doi.org\/10.12685\/alm.3.2023.1338<\/a><\/h3>\n\n\n\n<p><strong>Abstract<\/strong> <\/p>\n\n\n\n<p>&#8220;A l\u2019instar d\u2019autres pays d\u2019Europe, la Suisse a exprim\u00e9 son effroi quand les Talibans ont repris le pouvoir en Afghanistan. Mais les civils afghans fuyant les violences n\u2019ont \u00e9t\u00e9 accueillis que par une porte entrouverte.&#8221;<\/p>\n\n\n\n<p>&#8220;Als die Taliban in Afghanistan wieder die Macht \u00fcbernahmen, brachte die Schweiz wie andere europ\u00e4ische L\u00e4nder ihr Entsetzen zum Ausdruck. Doch wurden die Menschen, die vor der Gewalt aus Afghanistan in die Schweiz flohen, nur halbherzig empfangen.&#8221;<\/p>\n\n\n\n<p><\/p>\n","protected":false},"excerpt":{"rendered":"<p>Author(s) : Nina Khamsy Source : https:\/\/doi.org\/10.12685\/alm.3.2023.1338 Abstract &#8220;A l\u2019instar&#8230;<\/p>\n","protected":false},"author":4,"featured_media":0,"comment_status":"open","ping_status":"open","sticky":false,"template":"","format":"standard","meta":{"_kadence_starter_templates_imported_post":false,"_kad_post_transparent":"","_kad_post_title":"","_kad_post_layout":"","_kad_post_sidebar_id":"","_kad_post_content_style":"","_kad_post_vertical_padding":"","_kad_post_feature":"","_kad_post_feature_position":"","_kad_post_header":false,"_kad_post_footer":false,"_kad_post_classname":"","jetpack_post_was_ever_published":false,"_jetpack_newsletter_access":"","_jetpack_dont_email_post_to_subs":false,"_jetpack_newsletter_tier_id":0,"_jetpack_memberships_contains_paywalled_content":false,"_jetpack_memberships_contains_paid_content":false,"footnotes":""},"categories":[12],"tags":[739,474,37,52,297,41,36,94,90,416,677],"class_list":["post-37052","post","type-post","status-publish","format-standard","hentry","category-politics","tag-739","tag-afghans","tag-attitudes-towards-migrants","tag-french-language","tag-humanitarian-assistance","tag-integration","tag-migration-policy","tag-political-system","tag-reception-policy","tag-violence","tag-war"],"jetpack_featured_media_url":"","jetpack_sharing_enabled":true,"_links":{"self":[{"href":"https:\/\/swissmig.unine.ch\/index.php?rest_route=\/wp\/v2\/posts\/37052","targetHints":{"allow":["GET"]}}],"collection":[{"href":"https:\/\/swissmig.unine.ch\/index.php?rest_route=\/wp\/v2\/posts"}],"about":[{"href":"https:\/\/swissmig.unine.ch\/index.php?rest_route=\/wp\/v2\/types\/post"}],"author":[{"embeddable":true,"href":"https:\/\/swissmig.unine.ch\/index.php?rest_route=\/wp\/v2\/users\/4"}],"replies":[{"embeddable":true,"href":"https:\/\/swissmig.unine.ch\/index.php?rest_route=%2Fwp%2Fv2%2Fcomments&post=37052"}],"version-history":[{"count":0,"href":"https:\/\/swissmig.unine.ch\/index.php?rest_route=\/wp\/v2\/posts\/37052\/revisions"}],"wp:attachment":[{"href":"https:\/\/swissmig.unine.ch\/index.php?rest_route=%2Fwp%2Fv2%2Fmedia&parent=37052"}],"wp:term":[{"taxonomy":"category","embeddable":true,"href":"https:\/\/swissmig.unine.ch\/index.php?rest_route=%2Fwp%2Fv2%2Fcategories&post=37052"},{"taxonomy":"post_tag","embeddable":true,"href":"https:\/\/swissmig.unine.ch\/index.php?rest_route=%2Fwp%2Fv2%2Ftags&post=37052"}],"curies":[{"name":"wp","href":"https:\/\/api.w.org\/{rel}","templated":true}]}}