{"id":37040,"date":"2024-12-16T08:00:00","date_gmt":"2024-12-16T07:00:00","guid":{"rendered":"https:\/\/swissmig.wordpress.com\/?p=37040"},"modified":"2024-12-16T08:00:00","modified_gmt":"2024-12-16T07:00:00","slug":"les-italiens-et-les-espagnols-proches-de-la-retraite-en-suisse-situation-et-projets-davenir","status":"publish","type":"post","link":"https:\/\/swissmig.unine.ch\/?p=37040","title":{"rendered":"Les italiens et les espagnols proches de la retraite en Suisse : situation et projets d\u2019avenir"},"content":{"rendered":"\n<h3 class=\"wp-block-heading\"><strong>Author(s)<\/strong> : Claudio Bolzman, Rosita Fibbi, Marie Vial<\/h3>\n\n\n\n<h3 class=\"wp-block-heading\">Source : <a href=\"https:\/\/doi.org\/10.3917\/gs.091.0137\" target=\"_blank\" rel=\"noreferrer noopener\">https:\/\/doi.org\/10.3917\/gs.091.0137<\/a><\/h3>\n\n\n\n<p><strong>Abstract<\/strong> <\/p>\n\n\n\n<p>&#8220;Cet article porte sur un ph\u00e9nom\u00e8ne nouveau en Europe, celui de l\u2019arriv\u00e9e \u00e0 l\u2019\u00e2ge de la retraite des immigr\u00e9s recrut\u00e9s comme travailleurs dans les ann\u00e9es 50 et 60. Nous pr\u00e9sentons le contexte d\u00e9mographique et sociopolitique de cette probl\u00e9matique et d\u00e9crivons la condition pr\u00e9caire et les probl\u00e8mes de sant\u00e9 de certains d\u2019entre eux. Le th\u00e8me est analys\u00e9 \u00e0 partir d\u2019une enqu\u00eate que nous avons men\u00e9e dans le cadre du Programme national suisse de recherche sur la vieillesse. Celle-ci porte sur les modes de vie et les projets d\u2019avenir de 442 migrants espagnols et italiens, \u00e2g\u00e9s de 55 \u00e0 64 ans et r\u00e9sidant dans deux cantons urbains: Gen\u00e8ve et B\u00e2le-Ville, agglom\u00e9rations caract\u00e9ris\u00e9es par une importante pr\u00e9sence immigr\u00e9e. Les conclusions, en termes de perspectives de prise en charge m\u00e9dico-sociale, s\u2019inspirent d\u2019une \u00e9tude que nous avons men\u00e9e par ailleurs, dont l\u2019objectif \u00e9tait de recenser et d\u2019analyser un certain nombre d\u2019exp\u00e9riences europ\u00e9ennes r\u00e9alis\u00e9es \u00e0 l\u2019intention des migrants \u00e2g\u00e9s.&#8221;<\/p>\n\n\n\n<pre class=\"wp-block-syntaxhighlighter-code\"> <\/pre>\n\n\n\n<p><\/p>\n","protected":false},"excerpt":{"rendered":"<p>Author(s) : Claudio Bolzman, Rosita Fibbi, Marie Vial Source :&#8230;<\/p>\n","protected":false},"author":4,"featured_media":0,"comment_status":"open","ping_status":"open","sticky":false,"template":"","format":"standard","meta":{"_kadence_starter_templates_imported_post":false,"_kad_post_transparent":"","_kad_post_title":"","_kad_post_layout":"","_kad_post_sidebar_id":"","_kad_post_content_style":"","_kad_post_vertical_padding":"","_kad_post_feature":"","_kad_post_feature_position":"","_kad_post_header":false,"_kad_post_footer":false,"_kad_post_classname":"","jetpack_post_was_ever_published":false,"_jetpack_newsletter_access":"","_jetpack_dont_email_post_to_subs":true,"_jetpack_newsletter_tier_id":0,"_jetpack_memberships_contains_paywalled_content":false,"_jetpack_memberships_contains_paid_content":false,"footnotes":""},"categories":[24],"tags":[425,7,156,92,552,15,142,52,341,153,154,175,104,89,60,150,348,349,181],"class_list":["post-37040","post","type-post","status-publish","format-standard","hentry","category-society-family-racism","tag-425","tag-article","tag-basel","tag-country-of-origin","tag-demographic-impact","tag-economic-impact","tag-elderly","tag-french-language","tag-geneva","tag-health","tag-interviews","tag-italians","tag-living-conditions","tag-national-research-program","tag-older-migrants","tag-precarious-employment","tag-retirement","tag-spaniards","tag-survey"],"jetpack_featured_media_url":"","jetpack_sharing_enabled":true,"_links":{"self":[{"href":"https:\/\/swissmig.unine.ch\/index.php?rest_route=\/wp\/v2\/posts\/37040","targetHints":{"allow":["GET"]}}],"collection":[{"href":"https:\/\/swissmig.unine.ch\/index.php?rest_route=\/wp\/v2\/posts"}],"about":[{"href":"https:\/\/swissmig.unine.ch\/index.php?rest_route=\/wp\/v2\/types\/post"}],"author":[{"embeddable":true,"href":"https:\/\/swissmig.unine.ch\/index.php?rest_route=\/wp\/v2\/users\/4"}],"replies":[{"embeddable":true,"href":"https:\/\/swissmig.unine.ch\/index.php?rest_route=%2Fwp%2Fv2%2Fcomments&post=37040"}],"version-history":[{"count":0,"href":"https:\/\/swissmig.unine.ch\/index.php?rest_route=\/wp\/v2\/posts\/37040\/revisions"}],"wp:attachment":[{"href":"https:\/\/swissmig.unine.ch\/index.php?rest_route=%2Fwp%2Fv2%2Fmedia&parent=37040"}],"wp:term":[{"taxonomy":"category","embeddable":true,"href":"https:\/\/swissmig.unine.ch\/index.php?rest_route=%2Fwp%2Fv2%2Fcategories&post=37040"},{"taxonomy":"post_tag","embeddable":true,"href":"https:\/\/swissmig.unine.ch\/index.php?rest_route=%2Fwp%2Fv2%2Ftags&post=37040"}],"curies":[{"name":"wp","href":"https:\/\/api.w.org\/{rel}","templated":true}]}}