{"id":37038,"date":"2024-12-16T08:00:00","date_gmt":"2024-12-16T07:00:00","guid":{"rendered":"https:\/\/swissmig.wordpress.com\/?p=37038"},"modified":"2024-12-16T08:00:00","modified_gmt":"2024-12-16T07:00:00","slug":"arbeiten-und-keine-politischen-rechte-zum-auslanderinnenstimmrecht-in-der-schweiz","status":"publish","type":"post","link":"https:\/\/swissmig.unine.ch\/?p=37038","title":{"rendered":"Arbeiten &#8211; und keine politischen Rechte? : Zum &#8216;Ausl\u00e4nderInnenstimmrecht&#8217; in der Schweiz"},"content":{"rendered":"\n<h3 class=\"wp-block-heading\">Author(s) : Maria Roselli<\/h3>\n\n\n\n<h3 class=\"wp-block-heading\">Source : <a href=\"https:\/\/doi.org\/10.5169\/seals-652421\" target=\"_blank\" rel=\"noreferrer noopener\">https:\/\/doi.org\/10.5169\/seals-652421<\/a><\/h3>\n\n\n\n<p><strong>Abstract: <\/strong><\/p>\n\n\n\n<!--more-->\n\n\n\n<blockquote class=\"wp-block-quote is-layout-flow wp-block-quote-is-layout-flow\">\n<p>&#8220;Die offizielle Schweiz betont immer wieder, dass ihre Integrationspolitik einerseits auf Begrenzung und Kontrolle der Einwanderung, andererseits auf die Eingliederung jener beruht, die in der Schweiz &#8220;leben&#8221;. In Wirklichkeit fehlt eine Konzeption der schweizerischen Integrationspolitik. Oder wie die Nationalr\u00e4tin Ursula B\u00e4umlin festhielt, ist die Absenz einer Integrationspolitik darauf zur\u00fcckzufuhren, dass es keine schweizerische Aussenpolitik gibt, sondern &#8220;eine Aussenwirtschaftspolitik, die immer mit der Ausl\u00e4nder- und Asylpolitik verquickt&#8221; ist.&#8221;<\/p>\n<\/blockquote>\n","protected":false},"excerpt":{"rendered":"<p>Author(s) : Maria Roselli Source : https:\/\/doi.org\/10.5169\/seals-652421 Abstract:<\/p>\n","protected":false},"author":4,"featured_media":0,"comment_status":"open","ping_status":"open","sticky":false,"template":"","format":"standard","meta":{"_kadence_starter_templates_imported_post":false,"_kad_post_transparent":"","_kad_post_title":"","_kad_post_layout":"","_kad_post_sidebar_id":"","_kad_post_content_style":"","_kad_post_vertical_padding":"","_kad_post_feature":"","_kad_post_feature_position":"","_kad_post_header":false,"_kad_post_footer":false,"_kad_post_classname":"","jetpack_post_was_ever_published":false,"_jetpack_newsletter_access":"","_jetpack_dont_email_post_to_subs":true,"_jetpack_newsletter_tier_id":0,"_jetpack_memberships_contains_paywalled_content":false,"_jetpack_memberships_contains_paid_content":false,"footnotes":""},"categories":[12],"tags":[479,7,37,70,307,73,87,387,435,150,103,220,72,384],"class_list":["post-37038","post","type-post","status-publish","format-standard","hentry","category-politics","tag-479","tag-article","tag-attitudes-towards-migrants","tag-citizenship","tag-civil-and-political-rights","tag-german-language","tag-history","tag-integration-policy","tag-motherhood","tag-precarious-employment","tag-refugees","tag-seasonal-workers","tag-voting-rights","tag-workers"],"jetpack_featured_media_url":"","jetpack_sharing_enabled":true,"_links":{"self":[{"href":"https:\/\/swissmig.unine.ch\/index.php?rest_route=\/wp\/v2\/posts\/37038","targetHints":{"allow":["GET"]}}],"collection":[{"href":"https:\/\/swissmig.unine.ch\/index.php?rest_route=\/wp\/v2\/posts"}],"about":[{"href":"https:\/\/swissmig.unine.ch\/index.php?rest_route=\/wp\/v2\/types\/post"}],"author":[{"embeddable":true,"href":"https:\/\/swissmig.unine.ch\/index.php?rest_route=\/wp\/v2\/users\/4"}],"replies":[{"embeddable":true,"href":"https:\/\/swissmig.unine.ch\/index.php?rest_route=%2Fwp%2Fv2%2Fcomments&post=37038"}],"version-history":[{"count":0,"href":"https:\/\/swissmig.unine.ch\/index.php?rest_route=\/wp\/v2\/posts\/37038\/revisions"}],"wp:attachment":[{"href":"https:\/\/swissmig.unine.ch\/index.php?rest_route=%2Fwp%2Fv2%2Fmedia&parent=37038"}],"wp:term":[{"taxonomy":"category","embeddable":true,"href":"https:\/\/swissmig.unine.ch\/index.php?rest_route=%2Fwp%2Fv2%2Fcategories&post=37038"},{"taxonomy":"post_tag","embeddable":true,"href":"https:\/\/swissmig.unine.ch\/index.php?rest_route=%2Fwp%2Fv2%2Ftags&post=37038"}],"curies":[{"name":"wp","href":"https:\/\/api.w.org\/{rel}","templated":true}]}}