{"id":37032,"date":"2024-12-09T08:00:00","date_gmt":"2024-12-09T07:00:00","guid":{"rendered":"https:\/\/swissmig.wordpress.com\/?p=37032"},"modified":"2024-12-09T08:00:00","modified_gmt":"2024-12-09T07:00:00","slug":"la-deuxieme-generation-despagnols-en-suisse-resultats-et-interrogations-dune-enquete-participation","status":"publish","type":"post","link":"https:\/\/swissmig.unine.ch\/?p=37032","title":{"rendered":"La deuxi\u00e8me g\u00e9n\u00e9ration d&#8217;Espagnols en Suisse : r\u00e9sultats et interrogations d&#8217;une enqu\u00eate-participation"},"content":{"rendered":"\n<h3 class=\"wp-block-heading\"><strong>Author(s)<\/strong> : J.-P. Gonvers, L. Monnier, G. de Rham, A. Mottaz<\/h3>\n\n\n\n<h3 class=\"wp-block-heading\">Source : <a href=\"https:\/\/doi.org\/10.5169\/seals-814491\" target=\"_blank\" rel=\"noreferrer noopener\">https:\/\/doi.org\/10.5169\/seals-814491<\/a><\/h3>\n\n\n\n<p><strong>Abstract<\/strong> <\/p>\n\n\n\n<p>&#8220;Pr\u00e9sentations de quelques r\u00e9sultats d&#8217;une enqu\u00eate par questionnaire r\u00e9alis\u00e9e en 1978 sur la<br>deuxi\u00e8me g\u00e9n\u00e9ration d&#8217;Espagnols en Suisse : situation familiale, formation scolaire et<br>professionnelle, probl\u00e8me de la langue et d\u00e9sir de retour. Essai de r\u00e9flexion sur la question de<br>l&#8217;int\u00e9gration en relation avec une probl\u00e9matique culturelle (identit\u00e9 des jeunes Espagnols), de classe<br>(travailleurs immigr\u00e9s) et de conflits de g\u00e9n\u00e9rations.&#8221;<\/p>\n\n\n\n<pre class=\"wp-block-syntaxhighlighter-code\"> <\/pre>\n\n\n\n<p><\/p>\n","protected":false},"excerpt":{"rendered":"<p>Author(s) : J.-P. Gonvers, L. Monnier, G. de Rham, A&#8230;.<\/p>\n","protected":false},"author":4,"featured_media":0,"comment_status":"open","ping_status":"open","sticky":false,"template":"","format":"standard","meta":{"_kadence_starter_templates_imported_post":false,"_kad_post_transparent":"","_kad_post_title":"","_kad_post_layout":"","_kad_post_sidebar_id":"","_kad_post_content_style":"","_kad_post_vertical_padding":"","_kad_post_feature":"","_kad_post_feature_position":"","_kad_post_header":false,"_kad_post_footer":false,"_kad_post_classname":"","jetpack_post_was_ever_published":false,"_jetpack_newsletter_access":"","_jetpack_dont_email_post_to_subs":true,"_jetpack_newsletter_tier_id":0,"_jetpack_memberships_contains_paywalled_content":false,"_jetpack_memberships_contains_paid_content":false,"footnotes":""},"categories":[24],"tags":[454,7,151,176,21,225,52,41,117,145,91,349,181,118],"class_list":["post-37032","post","type-post","status-publish","format-standard","hentry","category-society-family-racism","tag-454","tag-article","tag-cultural-identity","tag-economic-integration","tag-family","tag-first-generation","tag-french-language","tag-integration","tag-school-integration","tag-second-generation","tag-social-integration","tag-spaniards","tag-survey","tag-youth"],"jetpack_featured_media_url":"","jetpack_sharing_enabled":true,"_links":{"self":[{"href":"https:\/\/swissmig.unine.ch\/index.php?rest_route=\/wp\/v2\/posts\/37032","targetHints":{"allow":["GET"]}}],"collection":[{"href":"https:\/\/swissmig.unine.ch\/index.php?rest_route=\/wp\/v2\/posts"}],"about":[{"href":"https:\/\/swissmig.unine.ch\/index.php?rest_route=\/wp\/v2\/types\/post"}],"author":[{"embeddable":true,"href":"https:\/\/swissmig.unine.ch\/index.php?rest_route=\/wp\/v2\/users\/4"}],"replies":[{"embeddable":true,"href":"https:\/\/swissmig.unine.ch\/index.php?rest_route=%2Fwp%2Fv2%2Fcomments&post=37032"}],"version-history":[{"count":0,"href":"https:\/\/swissmig.unine.ch\/index.php?rest_route=\/wp\/v2\/posts\/37032\/revisions"}],"wp:attachment":[{"href":"https:\/\/swissmig.unine.ch\/index.php?rest_route=%2Fwp%2Fv2%2Fmedia&parent=37032"}],"wp:term":[{"taxonomy":"category","embeddable":true,"href":"https:\/\/swissmig.unine.ch\/index.php?rest_route=%2Fwp%2Fv2%2Fcategories&post=37032"},{"taxonomy":"post_tag","embeddable":true,"href":"https:\/\/swissmig.unine.ch\/index.php?rest_route=%2Fwp%2Fv2%2Ftags&post=37032"}],"curies":[{"name":"wp","href":"https:\/\/api.w.org\/{rel}","templated":true}]}}