{"id":37011,"date":"2024-12-09T08:00:00","date_gmt":"2024-12-09T07:00:00","guid":{"rendered":"https:\/\/swissmig.wordpress.com\/?p=37011"},"modified":"2024-12-09T08:00:00","modified_gmt":"2024-12-09T07:00:00","slug":"altern-in-der-schweiz-im-ausland-oder-in-mehreren-landern-vieillir-sur-place-a-letranger-ou-a-travers-les-frontieres","status":"publish","type":"post","link":"https:\/\/swissmig.unine.ch\/?p=37011","title":{"rendered":"Altern in der Schweiz, im Ausland oder in mehreren L\u00e4ndern \/ Vieillir sur place, \u00e0 l\u2019\u00e9tranger ou \u00e0 travers les fronti\u00e8res"},"content":{"rendered":"\n<h3 class=\"wp-block-heading\">Author(s) : Mihaela Nedelcu, Laura Ravazzini<\/h3>\n\n\n\n<h3 class=\"wp-block-heading\">Source : DE : <a href=\"https:\/\/www.bfs.admin.ch\/bfs\/fr\/home\/statistiques\/themes-transversaux\/panorama-societe-suisse.assetdetail.30905167.html\" target=\"_blank\" rel=\"noreferrer noopener\">https:\/\/www.bfs.admin.ch\/bfs\/fr\/home\/statistiques\/themes-transversaux\/panorama-societe-suisse.assetdetail.30905167.html<\/a> \/ FR : <a href=\"https:\/\/www.bfs.admin.ch\/bfs\/fr\/home\/statistiques\/themes-transversaux\/panorama-societe-suisse.assetdetail.30905168.html\" target=\"_blank\" rel=\"noreferrer noopener\">https:\/\/www.bfs.admin.ch\/bfs\/fr\/home\/statistiques\/themes-transversaux\/panorama-societe-suisse.assetdetail.30905168.html<\/a><\/h3>\n\n\n\n<p><strong>Abstract: <\/strong><\/p>\n\n\n\n<!--more-->\n\n\n\n<blockquote class=\"wp-block-quote is-layout-flow wp-block-quote-is-layout-flow\">\n<p>In diesem Kapitel werden auf der Grundlage zweier neuer Befragungen zum transnationalen Altern, die im Rahmen des Nationalen Forschungsschwerpunkts zur Migration nccr \u2013 on the move durchgef\u00fchrt wurden, drei Arten von (Im-)Mobilit\u00e4t nach der Pensionierung miteinander verglichen. Bei der ersten bleiben die Personen in ihrem Wohnland, bei der zweiten wandern sie aus und bei der dritten verbringen sie mindestens drei Monate im Jahr in einem anderen Land. Bei der Analyse der Merkmale und Gr\u00fcnde f\u00fcr diese Formen der (Im-)Mobilit\u00e4t von Pensionierten mit oder ohne Migrationshintergrund haben sich zahlreiche Gemeinsamkeiten, aber auch Unterschiede gezeigt. Die Studie verdeutlicht, dass es sich beim transnationalen Altern um einen gesellschaftlichen Trend handelt, der sich nicht auf \u00e4ltere Migrantinnen und Migranten beschr\u00e4nkt, sondern eine breitere Bev\u00f6lkerung betrifft. Gleichzeitig unterstreicht sie, wie wichtig Verlaufsstudien zur Mobilit\u00e4t nach der Pensionierung sind.<\/p>\n\n\n\n<p>Sur la base de deux nouvelles enqu\u00eates sur le vieillissement transnational men\u00e9es dans le cadre du p\u00f4le national de recherche sur la migration nccr \u2013 on the move, ce chapitre propose une analyse comparative de trois types d\u2019(im)mobilit\u00e9 post-retraite: rester vivre dans son pays de r\u00e9sidence, s\u2019installer \u00e0 l\u2019\u00e9tranger, ou vivre au moins trois mois par ann\u00e9e dans un autre pays. En analysant les caract\u00e9ristiques et les raisons de ces formes d\u2019(im)mobilit\u00e9s dans le cas des retrait\u00e9s avec et sans origine migratoire, nous avons observ\u00e9 de nombreuses similitudes, mais \u00e9galement des diff\u00e9rences. Cette \u00e9tude met ainsi en \u00e9vidence que le vieillissement transnational est un ph\u00e9nom\u00e8ne de soci\u00e9t\u00e9 qui concerne une population plus large que les migrants \u00e2g\u00e9s. Elle attire aussi l\u2019attention sur l\u2019int\u00e9r\u00eat<br>de mener des enqu\u00eates longitudinales permettant de suivre la dynamique des mobilit\u00e9s post-retraite.<\/p>\n<\/blockquote>\n","protected":false},"excerpt":{"rendered":"<p>Author(s) : Mihaela Nedelcu, Laura Ravazzini Source : DE :&#8230;<\/p>\n","protected":false},"author":4,"featured_media":0,"comment_status":"open","ping_status":"open","sticky":false,"template":"","format":"standard","meta":{"_kadence_starter_templates_imported_post":false,"_kad_post_transparent":"","_kad_post_title":"","_kad_post_layout":"","_kad_post_sidebar_id":"","_kad_post_content_style":"","_kad_post_vertical_padding":"","_kad_post_feature":"","_kad_post_feature_position":"","_kad_post_header":false,"_kad_post_footer":false,"_kad_post_classname":"","jetpack_post_was_ever_published":false,"_jetpack_newsletter_access":"","_jetpack_dont_email_post_to_subs":false,"_jetpack_newsletter_tier_id":0,"_jetpack_memberships_contains_paywalled_content":false,"_jetpack_memberships_contains_paid_content":false,"footnotes":""},"categories":[24],"tags":[291,317,32,142,52,73,324,110,60,348,26],"class_list":["post-37011","post","type-post","status-publish","format-standard","hentry","category-society-family-racism","tag-291","tag-ageing","tag-book-chapter","tag-elderly","tag-french-language","tag-german-language","tag-immobility","tag-mobility","tag-older-migrants","tag-retirement","tag-transnationalism"],"jetpack_featured_media_url":"","jetpack_sharing_enabled":true,"_links":{"self":[{"href":"https:\/\/swissmig.unine.ch\/index.php?rest_route=\/wp\/v2\/posts\/37011","targetHints":{"allow":["GET"]}}],"collection":[{"href":"https:\/\/swissmig.unine.ch\/index.php?rest_route=\/wp\/v2\/posts"}],"about":[{"href":"https:\/\/swissmig.unine.ch\/index.php?rest_route=\/wp\/v2\/types\/post"}],"author":[{"embeddable":true,"href":"https:\/\/swissmig.unine.ch\/index.php?rest_route=\/wp\/v2\/users\/4"}],"replies":[{"embeddable":true,"href":"https:\/\/swissmig.unine.ch\/index.php?rest_route=%2Fwp%2Fv2%2Fcomments&post=37011"}],"version-history":[{"count":0,"href":"https:\/\/swissmig.unine.ch\/index.php?rest_route=\/wp\/v2\/posts\/37011\/revisions"}],"wp:attachment":[{"href":"https:\/\/swissmig.unine.ch\/index.php?rest_route=%2Fwp%2Fv2%2Fmedia&parent=37011"}],"wp:term":[{"taxonomy":"category","embeddable":true,"href":"https:\/\/swissmig.unine.ch\/index.php?rest_route=%2Fwp%2Fv2%2Fcategories&post=37011"},{"taxonomy":"post_tag","embeddable":true,"href":"https:\/\/swissmig.unine.ch\/index.php?rest_route=%2Fwp%2Fv2%2Ftags&post=37011"}],"curies":[{"name":"wp","href":"https:\/\/api.w.org\/{rel}","templated":true}]}}