{"id":37000,"date":"2024-12-02T08:00:00","date_gmt":"2024-12-02T07:00:00","guid":{"rendered":"https:\/\/swissmig.wordpress.com\/?p=37000"},"modified":"2024-12-02T08:00:00","modified_gmt":"2024-12-02T07:00:00","slug":"lintegration-professionnelle-et-sociale-des-refugies-vietnamiens-en-suisse-romande","status":"publish","type":"post","link":"https:\/\/swissmig.unine.ch\/?p=37000","title":{"rendered":"L\u2019int\u00e9gration professionnelle et sociale des r\u00e9fugi\u00e9s vietnamiens en Suisse romande"},"content":{"rendered":"\n<h3 class=\"wp-block-heading\"><strong>Author(s)<\/strong> : Laur\u00e9anne Y. Ch\u00e2n Lam<\/h3>\n\n\n\n<h3 class=\"wp-block-heading\">Source : <a href=\"https:\/\/archive-ouverte.unige.ch\/unige:178327\" target=\"_blank\" rel=\"noreferrer noopener\">https:\/\/archive-ouverte.unige.ch\/unige:178327<\/a><\/h3>\n\n\n\n<p><strong>Abstract<\/strong> <\/p>\n\n\n\n<p>&#8220;Ce travail explore l&#8217;int\u00e9gration des r\u00e9fugi\u00e9s politiques vietnamiens en Suisse, en mettant en lumi\u00e8re l&#8217;impact du r\u00e9seau ethnique et du capital pr\u00e9-migratoire sur leurs trajectoires d&#8217;int\u00e9gration professionnelle et sociale. En se positionnant \u00e0 l&#8217;intersection des th\u00e9ories culturalistes et structuralistes de l&#8217;immigration et en abordant les modalit\u00e9s d&#8217;acc\u00e8s au march\u00e9 du travail segment\u00e9, cette \u00e9tude examine \u00e0 la fois les variables culturelles propres aux Vietnamiens et Sino\u2010Vietnamiens ainsi que les facteurs li\u00e9s \u00e0 la politique migratoire suisse et \u00e0 la &#8216;ventilation&#8217; qui \u00e9parpille les nouveaux arrivants \u00e0 travers les cantons. En utilisant une m\u00e9thodologie qualitative, nous avons identifi\u00e9 que les r\u00e9fugi\u00e9s vietnamiens disposant de moins de capital pr\u00e9-migratoire b\u00e9n\u00e9ficient fortement de l&#8217;appui des r\u00e9seaux ethniques ainsi que des structures associatives et des aides institutionnelles en Suisse. Les r\u00e9sultats soulignent les diff\u00e9rentes strat\u00e9gies pour surmonter les barri\u00e8res \u00e0 l&#8217;insertion professionnelle telles que l&#8217;entrepreneuriat, les emplois ind\u00e9pendants, le travail clandestin, etc. De plus, contrairement \u00e0 la litt\u00e9rature existante sur les r\u00e9fugi\u00e9s en Suisse, ces Asiatiques sont moins concern\u00e9s par la discrimination \u00e0 l&#8217;embauche malgr\u00e9 certaines limitations en termes de promotion professionnelle. Ces conclusions apportent une compr\u00e9hension approfondie des dynamiques d&#8217;int\u00e9gration d&#8217;une diaspora peu \u00e9tudi\u00e9e en Suisse, offrant des perspectives pour am\u00e9liorer les politiques d&#8217;accueil et d&#8217;int\u00e9gration.&#8221;<\/p>\n\n\n\n<p><strong>Mots-cl\u00e9s<\/strong> : R\u00e9fugi\u00e9s, Vietnam, Int\u00e9gration professionnelle, R\u00e9seau ethnique, Capital pr\u00e9migratoire, Suisse, Politique migratoire, March\u00e9 du travail<\/p>\n\n\n\n<pre class=\"wp-block-syntaxhighlighter-code\"> <\/pre>\n\n\n\n<pre class=\"wp-block-syntaxhighlighter-code\"> <\/pre>\n\n\n\n<p><\/p>\n","protected":false},"excerpt":{"rendered":"<p>Author(s) : Laur\u00e9anne Y. Ch\u00e2n Lam Source : https:\/\/archive-ouverte.unige.ch\/unige:178327 Abstract&#8230;<\/p>\n","protected":false},"author":4,"featured_media":0,"comment_status":"open","ping_status":"open","sticky":false,"template":"","format":"standard","meta":{"_kadence_starter_templates_imported_post":false,"_kad_post_transparent":"","_kad_post_title":"","_kad_post_layout":"","_kad_post_sidebar_id":"","_kad_post_content_style":"","_kad_post_vertical_padding":"","_kad_post_feature":"","_kad_post_feature_position":"","_kad_post_header":false,"_kad_post_footer":false,"_kad_post_classname":"","jetpack_post_was_ever_published":false,"_jetpack_newsletter_access":"","_jetpack_dont_email_post_to_subs":false,"_jetpack_newsletter_tier_id":0,"_jetpack_memberships_contains_paywalled_content":false,"_jetpack_memberships_contains_paid_content":false,"footnotes":""},"categories":[24],"tags":[291,362,136,176,240,52,41,319,325,36,200,373,625],"class_list":["post-37000","post","type-post","status-publish","format-standard","hentry","category-society-family-racism","tag-291","tag-access-to-employment","tag-diasporas","tag-economic-integration","tag-employment","tag-french-language","tag-integration","tag-master-thesis","tag-methodology","tag-migration-policy","tag-qualitative-approach","tag-qualitative-research","tag-vietnamese"],"jetpack_featured_media_url":"","jetpack_sharing_enabled":true,"_links":{"self":[{"href":"https:\/\/swissmig.unine.ch\/index.php?rest_route=\/wp\/v2\/posts\/37000","targetHints":{"allow":["GET"]}}],"collection":[{"href":"https:\/\/swissmig.unine.ch\/index.php?rest_route=\/wp\/v2\/posts"}],"about":[{"href":"https:\/\/swissmig.unine.ch\/index.php?rest_route=\/wp\/v2\/types\/post"}],"author":[{"embeddable":true,"href":"https:\/\/swissmig.unine.ch\/index.php?rest_route=\/wp\/v2\/users\/4"}],"replies":[{"embeddable":true,"href":"https:\/\/swissmig.unine.ch\/index.php?rest_route=%2Fwp%2Fv2%2Fcomments&post=37000"}],"version-history":[{"count":0,"href":"https:\/\/swissmig.unine.ch\/index.php?rest_route=\/wp\/v2\/posts\/37000\/revisions"}],"wp:attachment":[{"href":"https:\/\/swissmig.unine.ch\/index.php?rest_route=%2Fwp%2Fv2%2Fmedia&parent=37000"}],"wp:term":[{"taxonomy":"category","embeddable":true,"href":"https:\/\/swissmig.unine.ch\/index.php?rest_route=%2Fwp%2Fv2%2Fcategories&post=37000"},{"taxonomy":"post_tag","embeddable":true,"href":"https:\/\/swissmig.unine.ch\/index.php?rest_route=%2Fwp%2Fv2%2Ftags&post=37000"}],"curies":[{"name":"wp","href":"https:\/\/api.w.org\/{rel}","templated":true}]}}