{"id":36981,"date":"2024-11-25T08:00:00","date_gmt":"2024-11-25T07:00:00","guid":{"rendered":"https:\/\/swissmig.wordpress.com\/?p=36981"},"modified":"2024-11-25T08:00:00","modified_gmt":"2024-11-25T07:00:00","slug":"quelle-est-la-place-de-lapproche-transculturelle-dans-laccompagnement-des-personnes-issues-de-la-migration-en-souffrance-psychique-regards-des-professionnels-du-milieu-sante-social","status":"publish","type":"post","link":"https:\/\/swissmig.unine.ch\/?p=36981","title":{"rendered":"Quelle est la place de l&#8217;approche transculturelle dans l&#8217;accompagnement des personnes issues de la migration en souffrance psychique ? Regards des professionnels du milieu sant\u00e9\/social"},"content":{"rendered":"\n<h3 class=\"wp-block-heading\"><strong>Author(s)<\/strong> : Alessia Gianfreda, Ibrahim Sakho, L\u00e9o Bolay<\/h3>\n\n\n\n<h3 class=\"wp-block-heading\">Source : <a href=\"https:\/\/sonar.ch\/global\/documents\/328831\" target=\"_blank\" rel=\"noreferrer noopener\">https:\/\/sonar.ch\/global\/documents\/328831<\/a><\/h3>\n\n\n\n<p><strong>Abstract<\/strong> <\/p>\n\n\n\n<p>&#8220;Ce travail de Bachelor a pour objectif d&#8217;explorer l&#8217;approche transculturelle dans le domaine du travail social en faveur des personnes issues de la migration \u00e0 Gen\u00e8ve. Il contient un \u00e9tat de l&#8217;art des contextes reli\u00e9s \u00e0 la th\u00e9matique, tant historique que dans la situation suisse et particuli\u00e8rement genevoise. Les r\u00e9sultats de recherches sur le terrain ont \u00e9t\u00e9 men\u00e9s et mis en lien avec la th\u00e9orie afin de souligner les \u00e9l\u00e9ments essentiels \u00e0 ce travail. Des d\u00e9fis ont \u00e9t\u00e9 identifi\u00e9s, ainsi que des limites li\u00e9es \u00e0 cette approche, notamment le manque de sensibilisation et de formation des professionnel.l.e.s et la difficult\u00e9 rencontr\u00e9e de prendre en consid\u00e9ration les particularit\u00e9s des migrant.e.s&#8221;<\/p>\n\n\n\n<pre class=\"wp-block-syntaxhighlighter-code\"> <\/pre>\n\n\n\n<p><\/p>\n","protected":false},"excerpt":{"rendered":"<p>Author(s) : Alessia Gianfreda, Ibrahim Sakho, L\u00e9o Bolay Source :&#8230;<\/p>\n","protected":false},"author":4,"featured_media":0,"comment_status":"open","ping_status":"open","sticky":false,"template":"","format":"standard","meta":{"_kadence_starter_templates_imported_post":false,"_kad_post_transparent":"","_kad_post_title":"","_kad_post_layout":"","_kad_post_sidebar_id":"","_kad_post_content_style":"","_kad_post_vertical_padding":"","_kad_post_feature":"","_kad_post_feature_position":"","_kad_post_header":false,"_kad_post_footer":false,"_kad_post_classname":"","jetpack_post_was_ever_published":false,"_jetpack_newsletter_access":"","_jetpack_dont_email_post_to_subs":false,"_jetpack_newsletter_tier_id":0,"_jetpack_memberships_contains_paywalled_content":false,"_jetpack_memberships_contains_paid_content":false,"footnotes":""},"categories":[24],"tags":[291,292,659,52,341,157,17,185,339,177,401,63],"class_list":["post-36981","post","type-post","status-publish","format-standard","hentry","category-society-family-racism","tag-291","tag-bachelor-thesis","tag-care-workers","tag-french-language","tag-geneva","tag-health-care","tag-immigrants","tag-mental-health","tag-psychological-problems","tag-psychological-well-being","tag-social-workers","tag-training"],"jetpack_featured_media_url":"","jetpack_sharing_enabled":true,"_links":{"self":[{"href":"https:\/\/swissmig.unine.ch\/index.php?rest_route=\/wp\/v2\/posts\/36981","targetHints":{"allow":["GET"]}}],"collection":[{"href":"https:\/\/swissmig.unine.ch\/index.php?rest_route=\/wp\/v2\/posts"}],"about":[{"href":"https:\/\/swissmig.unine.ch\/index.php?rest_route=\/wp\/v2\/types\/post"}],"author":[{"embeddable":true,"href":"https:\/\/swissmig.unine.ch\/index.php?rest_route=\/wp\/v2\/users\/4"}],"replies":[{"embeddable":true,"href":"https:\/\/swissmig.unine.ch\/index.php?rest_route=%2Fwp%2Fv2%2Fcomments&post=36981"}],"version-history":[{"count":0,"href":"https:\/\/swissmig.unine.ch\/index.php?rest_route=\/wp\/v2\/posts\/36981\/revisions"}],"wp:attachment":[{"href":"https:\/\/swissmig.unine.ch\/index.php?rest_route=%2Fwp%2Fv2%2Fmedia&parent=36981"}],"wp:term":[{"taxonomy":"category","embeddable":true,"href":"https:\/\/swissmig.unine.ch\/index.php?rest_route=%2Fwp%2Fv2%2Fcategories&post=36981"},{"taxonomy":"post_tag","embeddable":true,"href":"https:\/\/swissmig.unine.ch\/index.php?rest_route=%2Fwp%2Fv2%2Ftags&post=36981"}],"curies":[{"name":"wp","href":"https:\/\/api.w.org\/{rel}","templated":true}]}}