{"id":36974,"date":"2024-11-25T08:00:00","date_gmt":"2024-11-25T07:00:00","guid":{"rendered":"https:\/\/swissmig.wordpress.com\/?p=36974"},"modified":"2024-11-25T08:00:00","modified_gmt":"2024-11-25T07:00:00","slug":"patience-et-longueur-de-temps-dans-la-mise-en-oeuvre-des-droits-politiques-des-etrangers-en-suisse","status":"publish","type":"post","link":"https:\/\/swissmig.unine.ch\/?p=36974","title":{"rendered":"Patience et longueur de temps dans la mise en \u0153uvre des droits politiques des \u00e9trangers en Suisse"},"content":{"rendered":"\n<h3 class=\"wp-block-heading\"><strong>Author(s)<\/strong> : Georges Assima<\/h3>\n\n\n\n<h3 class=\"wp-block-heading\">Source : <a href=\"https:\/\/doi.org\/10.3917\/migra.114.0177\" target=\"_blank\" rel=\"noreferrer noopener\">https:\/\/doi.org\/10.3917\/migra.114.0177<\/a><\/h3>\n\n\n\n<p><strong>Abstract<\/strong> <\/p>\n\n\n\n<p>&#8220;\u00c0 la fin du XX<sup>e\u00a0<\/sup>si\u00e8cle, on pouvait compter en Suisse sur une acc\u00e9l\u00e9ration de l\u2019octroi de droits politiques aux \u00e9trangers au travers de leur g\u00e9n\u00e9ralisation progressive dans les cantons. Mais la timidit\u00e9 des avanc\u00e9es enregistr\u00e9es ces derni\u00e8res ann\u00e9es trahit un raidissement des autorit\u00e9s et de l\u2019opinion publique dans ce domaine, comme sur bien d\u2019autres volets de l\u2019int\u00e9gration sociale des \u00e9trangers. En Suisse, d\u2019une part, le f\u00e9d\u00e9ralisme offre l\u2019avantage de pouvoir proc\u00e9der par \u00e9tapes, c\u2019est-\u00e0-dire canton par canton, ces derniers \u00e9tant souverains dans l\u2019octroi des droits civiques au niveau local\u00a0; d\u2019autre part, le syst\u00e8me politique est soumis \u00e0 la combinaison de deux principes fondamentaux faisant fonction de contre-poids au pouvoir central, le f\u00e9d\u00e9ralisme et la d\u00e9mocratie semi-directe\u00a0: droit d\u2019initiative constitutionnelle du peuple et droit d\u2019attaquer par r\u00e9f\u00e9rendum les lois vot\u00e9es par les Parlements.\u00a0C\u2019est m\u00eame, peut-\u00eatre, le recours pluriannuel par le peuple au niveau tant r\u00e9gional que national \u00e0 ce m\u00e9canisme de gouvernement que les immigr\u00e9s ont le plus de peine \u00e0 appr\u00e9hender sur la voie de leur int\u00e9gration. En tout \u00e9tat de cause, l\u2019interaction de ces deux principes peut avoir un effet aussi bien positif que n\u00e9gatif sur la g\u00e9n\u00e9ralisation des droits habituellement attach\u00e9s \u00e0 la citoyennet\u00e9 compte tenu du contexte g\u00e9n\u00e9ral.&#8221;<\/p>\n\n\n\n<pre class=\"wp-block-syntaxhighlighter-code\"> <\/pre>\n\n\n\n<p><\/p>\n","protected":false},"excerpt":{"rendered":"<p>Author(s) : Georges Assima Source : https:\/\/doi.org\/10.3917\/migra.114.0177 Abstract &#8220;\u00c0 la&#8230;<\/p>\n","protected":false},"author":4,"featured_media":0,"comment_status":"open","ping_status":"open","sticky":false,"template":"","format":"standard","meta":{"_kadence_starter_templates_imported_post":false,"_kad_post_transparent":"","_kad_post_title":"","_kad_post_layout":"","_kad_post_sidebar_id":"","_kad_post_content_style":"","_kad_post_vertical_padding":"","_kad_post_feature":"","_kad_post_feature_position":"","_kad_post_header":false,"_kad_post_footer":false,"_kad_post_classname":"","jetpack_post_was_ever_published":false,"_jetpack_newsletter_access":"","_jetpack_dont_email_post_to_subs":true,"_jetpack_newsletter_tier_id":0,"_jetpack_memberships_contains_paywalled_content":false,"_jetpack_memberships_contains_paid_content":false,"footnotes":""},"categories":[59,35],"tags":[169,7,307,52,17,387,113,103,91],"class_list":["post-36974","post","type-post","status-publish","format-standard","hentry","category-health","category-history","tag-169","tag-article","tag-civil-and-political-rights","tag-french-language","tag-immigrants","tag-integration-policy","tag-public-administration","tag-refugees","tag-social-integration"],"jetpack_featured_media_url":"","jetpack_sharing_enabled":true,"_links":{"self":[{"href":"https:\/\/swissmig.unine.ch\/index.php?rest_route=\/wp\/v2\/posts\/36974","targetHints":{"allow":["GET"]}}],"collection":[{"href":"https:\/\/swissmig.unine.ch\/index.php?rest_route=\/wp\/v2\/posts"}],"about":[{"href":"https:\/\/swissmig.unine.ch\/index.php?rest_route=\/wp\/v2\/types\/post"}],"author":[{"embeddable":true,"href":"https:\/\/swissmig.unine.ch\/index.php?rest_route=\/wp\/v2\/users\/4"}],"replies":[{"embeddable":true,"href":"https:\/\/swissmig.unine.ch\/index.php?rest_route=%2Fwp%2Fv2%2Fcomments&post=36974"}],"version-history":[{"count":0,"href":"https:\/\/swissmig.unine.ch\/index.php?rest_route=\/wp\/v2\/posts\/36974\/revisions"}],"wp:attachment":[{"href":"https:\/\/swissmig.unine.ch\/index.php?rest_route=%2Fwp%2Fv2%2Fmedia&parent=36974"}],"wp:term":[{"taxonomy":"category","embeddable":true,"href":"https:\/\/swissmig.unine.ch\/index.php?rest_route=%2Fwp%2Fv2%2Fcategories&post=36974"},{"taxonomy":"post_tag","embeddable":true,"href":"https:\/\/swissmig.unine.ch\/index.php?rest_route=%2Fwp%2Fv2%2Ftags&post=36974"}],"curies":[{"name":"wp","href":"https:\/\/api.w.org\/{rel}","templated":true}]}}