{"id":36968,"date":"2024-11-25T08:00:00","date_gmt":"2024-11-25T07:00:00","guid":{"rendered":"https:\/\/swissmig.wordpress.com\/?p=36968"},"modified":"2024-11-25T08:00:00","modified_gmt":"2024-11-25T07:00:00","slug":"face-a-la-migration-quelles-bonnes-pratiques-dintegration","status":"publish","type":"post","link":"https:\/\/swissmig.unine.ch\/?p=36968","title":{"rendered":"Face \u00e0 la migration, quelles bonnes pratiques d\u2019int\u00e9gration ?"},"content":{"rendered":"\n<h3 class=\"wp-block-heading\"><strong>Author(s)<\/strong> : Eric Davoine, Christelle Zagato<\/h3>\n\n\n\n<h3 class=\"wp-block-heading\">Source : <a href=\"https:\/\/congres-romand.ch\/wp-content\/uploads\/2024\/09\/Rapport-final-Integration-du-personnel-etranger.pdf\" target=\"_blank\" rel=\"noreferrer noopener\">https:\/\/congres-romand.ch\/wp-content\/uploads\/2024\/09\/Rapport-final-Integration-du-personnel-etranger.pdf<\/a><\/h3>\n\n\n\n<p><strong>Abstract<\/strong> <\/p>\n\n\n\n<p>&#8220;Int\u00e9grer du personnel \u00e9tranger n\u2019est pas une pratique nouvelle pour les entreprises et<br>les organisations suisses romandes. Toutefois, l\u2019int\u00e9gration peut se passer tr\u00e8s<br>diff\u00e9remment selon l\u2019origine, les comp\u00e9tences linguistiques, le type de permis, le type<br>de qualification et bien s\u00fbr la personnalit\u00e9 du personnel \u00e0 int\u00e9grer. L\u2019int\u00e9gration d\u00e9pend<br>aussi du contexte organisationnel, des coll\u00e8gues et des superviseur.e.s, du temps et<br>de l\u2019implication de ces derniers, mais aussi de bonnes pratiques RH.<br>Nous avons r\u00e9alis\u00e9 une \u00e9tude pour le 11\u00e8me Congr\u00e8s des HR Sections Romandes<br>qui recense les difficult\u00e9s et d\u00e9fis rencontr\u00e9s par les entreprises suisses en lien avec<br>l&#8217;int\u00e9gration du personnel \u00e9tranger, et qui identifie et priorise un certain nombre de<br>bonnes pratiques. Pr\u00e9alablement \u00e0 cette \u00e9tude nous avions r\u00e9alis\u00e9 plusieurs<br>workshops en Suisse romande entre 2010 et 2020 ainsi qu\u2019une revue de litt\u00e9rature sur<br>le sujet de l\u2019int\u00e9gration du personnel \u00e9tranger. L\u2019\u00e9tude du congr\u00e8s HR Romandie 2024<br>s\u2019est appuy\u00e9e sur deux s\u00e9ances focus groups et une enqu\u00eate par questionnaires<br>adress\u00e9e aux professionnels en ressources humaines de Suisse romande avec pour<br>objectif d\u2019identifier les principales difficult\u00e9s rencontr\u00e9es dans le recrutement et<br>l\u2019int\u00e9gration des personnes d\u2019origine \u00e9trang\u00e8re et de proposer des solutions pratiques.&#8221;<\/p>\n\n\n\n<pre class=\"wp-block-syntaxhighlighter-code\"> <\/pre>\n\n\n\n<p><\/p>\n","protected":false},"excerpt":{"rendered":"<p>Author(s) : Eric Davoine, Christelle Zagato Source : https:\/\/congres-romand.ch\/wp-content\/uploads\/2024\/09\/Rapport-final-Integration-du-personnel-etranger.pdf Abstract&#8230;<\/p>\n","protected":false},"author":4,"featured_media":0,"comment_status":"open","ping_status":"open","sticky":false,"template":"","format":"standard","meta":{"_kadence_starter_templates_imported_post":false,"_kad_post_transparent":"","_kad_post_title":"","_kad_post_layout":"","_kad_post_sidebar_id":"","_kad_post_content_style":"","_kad_post_vertical_padding":"","_kad_post_feature":"","_kad_post_feature_position":"","_kad_post_header":false,"_kad_post_footer":false,"_kad_post_classname":"","jetpack_post_was_ever_published":false,"_jetpack_newsletter_access":"","_jetpack_dont_email_post_to_subs":false,"_jetpack_newsletter_tier_id":0,"_jetpack_memberships_contains_paywalled_content":false,"_jetpack_memberships_contains_paid_content":false,"footnotes":""},"categories":[16],"tags":[291,8,38,176,446,52,17,160,276,103,181,158],"class_list":["post-36968","post","type-post","status-publish","format-standard","hentry","category-economics","tag-291","tag-case-study","tag-conference-paper","tag-economic-integration","tag-enterprises","tag-french-language","tag-immigrants","tag-integration-programmes","tag-literature-review","tag-refugees","tag-survey","tag-working-conditions"],"jetpack_featured_media_url":"","jetpack_sharing_enabled":true,"_links":{"self":[{"href":"https:\/\/swissmig.unine.ch\/index.php?rest_route=\/wp\/v2\/posts\/36968","targetHints":{"allow":["GET"]}}],"collection":[{"href":"https:\/\/swissmig.unine.ch\/index.php?rest_route=\/wp\/v2\/posts"}],"about":[{"href":"https:\/\/swissmig.unine.ch\/index.php?rest_route=\/wp\/v2\/types\/post"}],"author":[{"embeddable":true,"href":"https:\/\/swissmig.unine.ch\/index.php?rest_route=\/wp\/v2\/users\/4"}],"replies":[{"embeddable":true,"href":"https:\/\/swissmig.unine.ch\/index.php?rest_route=%2Fwp%2Fv2%2Fcomments&post=36968"}],"version-history":[{"count":0,"href":"https:\/\/swissmig.unine.ch\/index.php?rest_route=\/wp\/v2\/posts\/36968\/revisions"}],"wp:attachment":[{"href":"https:\/\/swissmig.unine.ch\/index.php?rest_route=%2Fwp%2Fv2%2Fmedia&parent=36968"}],"wp:term":[{"taxonomy":"category","embeddable":true,"href":"https:\/\/swissmig.unine.ch\/index.php?rest_route=%2Fwp%2Fv2%2Fcategories&post=36968"},{"taxonomy":"post_tag","embeddable":true,"href":"https:\/\/swissmig.unine.ch\/index.php?rest_route=%2Fwp%2Fv2%2Ftags&post=36968"}],"curies":[{"name":"wp","href":"https:\/\/api.w.org\/{rel}","templated":true}]}}