{"id":36961,"date":"2024-11-18T08:00:00","date_gmt":"2024-11-18T07:00:00","guid":{"rendered":"https:\/\/swissmig.wordpress.com\/?p=36961"},"modified":"2024-11-18T08:00:00","modified_gmt":"2024-11-18T07:00:00","slug":"sortir-de-lincertitude-de-la-vie-sans-papiers-et-construire-son-avenir-entre-aspirations-et-contraintes","status":"publish","type":"post","link":"https:\/\/swissmig.unine.ch\/?p=36961","title":{"rendered":"Sortir de l\u2019incertitude de la vie sans papiers et construire son avenir : entre aspirations et contraintes"},"content":{"rendered":"\n<h3 class=\"wp-block-heading\">Author(s) : Liala Consoli<\/h3>\n\n\n\n<h3 class=\"wp-block-heading\">Source : <a href=\"https:\/\/doi.org\/10.13097\/archive-ouverte\/unige:180628\" target=\"_blank\" rel=\"noreferrer noopener\">https:\/\/doi.org\/10.13097\/archive-ouverte\/unige:180628<\/a><\/h3>\n\n\n\n<p><strong>Abstract: <\/strong><\/p>\n\n\n\n<!--more-->\n\n\n\n<blockquote class=\"wp-block-quote is-layout-flow wp-block-quote-is-layout-flow\">\n<h3 class=\"wp-block-heading\">Cette th\u00e8se vise \u00e0 mieux comprendre les changements survenant apr\u00e8s la r\u00e9gularisation du permis de s\u00e9jour dans la vie des personnes ayant auparavant v\u00e9cu et travaill\u00e9 longtemps en situation de s\u00e9jour irr\u00e9gulier. Elle se concentre sur le cas de l\u2019Op\u00e9ration Papyrus, un programme de r\u00e9gularisation mis en place \u00e0 Gen\u00e8ve, en Suisse, entre 2017 et 2018. Dans ce contexte, les personnes concern\u00e9es \u00e9taient principalement des femmes originaires de pays non-membres de l\u2019UE-AELE, vivant \u00e0 Gen\u00e8ve en situation de s\u00e9jour irr\u00e9gulier depuis plus de 10 ans en moyenne, travaillant comme femmes de m\u00e9nage, aides aux personnes \u00e2g\u00e9es ou baby-sitters ; mais aussi des hommes employ\u00e9s dans la restauration, le nettoyage ou la construction. Situ\u00e9e \u00e0 l\u2019intersection de trois domaines \u2014 la sociologie des migrations (particuli\u00e8rement celle ax\u00e9e sur les trajectoires d\u2019int\u00e9gration post-migration), la recherche sur les parcours de vie, et la recherche sur la stratification et la mobilit\u00e9 sociales \u2014 cette th\u00e8se vise \u00e0 documenter et analyser l\u2019exp\u00e9rience subjective de cette transition et l\u2019\u00e9volution des situations des personnes r\u00e9gularis\u00e9es, en adoptant une perspective processuelle. Fond\u00e9e sur une d\u00e9marche empirique qualitative longitudinale, elle est bas\u00e9e sur 88 entretiens qualitatifs men\u00e9s sur quatre ans avec 39 personnes faisant l\u2019exp\u00e9rience nouvelle de la vie en situation de s\u00e9jour r\u00e9gulier. L&#8217;analyse approfondit, d\u2019une part, si et comment, apr\u00e8s des ann\u00e9es de contraintes et d\u2019incertitudes li\u00e9es \u00e0 la vie sans papiers, la r\u00e9gularisation permet aux individus d\u2019aspirer \u00e0 un avenir plus favorable et leur donne les moyens de le concr\u00e9tiser. D\u2019autre part, elle s\u2019int\u00e9resse \u00e0 la dynamique de la vuln\u00e9rabilit\u00e9 dans le temps, en examinant comment certains m\u00e9canismes de vuln\u00e9rabilisation sp\u00e9cifiques \u00e0 la vie sans papiers disparaissent, se transforment, se combinent avec d\u2019autres ou persistent m\u00eame apr\u00e8s la r\u00e9gularisation, ainsi que l\u2019\u00e9mergence de nouveaux m\u00e9canismes de vuln\u00e9rabilisation.<\/h3>\n<\/blockquote>\n","protected":false},"excerpt":{"rendered":"<p>Author(s) : Liala Consoli Source : https:\/\/doi.org\/10.13097\/archive-ouverte\/unige:180628 Abstract:<\/p>\n","protected":false},"author":4,"featured_media":0,"comment_status":"open","ping_status":"open","sticky":false,"template":"","format":"standard","meta":{"_kadence_starter_templates_imported_post":false,"_kad_post_transparent":"","_kad_post_title":"","_kad_post_layout":"","_kad_post_sidebar_id":"","_kad_post_content_style":"","_kad_post_vertical_padding":"","_kad_post_feature":"","_kad_post_feature_position":"","_kad_post_header":false,"_kad_post_footer":false,"_kad_post_classname":"","jetpack_post_was_ever_published":false,"_jetpack_newsletter_access":"","_jetpack_dont_email_post_to_subs":false,"_jetpack_newsletter_tier_id":0,"_jetpack_memberships_contains_paywalled_content":false,"_jetpack_memberships_contains_paid_content":false,"footnotes":""},"categories":[24],"tags":[291,589,52,341,294,465,166,594,262,144],"class_list":["post-36961","post","type-post","status-publish","format-standard","hentry","category-society-family-racism","tag-291","tag-doctoral-thesis","tag-french-language","tag-geneva","tag-irregular-migration","tag-regularisation","tag-residence-permits","tag-uncertainty","tag-undocumented-immigrants","tag-vulnerability"],"jetpack_featured_media_url":"","jetpack_sharing_enabled":true,"_links":{"self":[{"href":"https:\/\/swissmig.unine.ch\/index.php?rest_route=\/wp\/v2\/posts\/36961","targetHints":{"allow":["GET"]}}],"collection":[{"href":"https:\/\/swissmig.unine.ch\/index.php?rest_route=\/wp\/v2\/posts"}],"about":[{"href":"https:\/\/swissmig.unine.ch\/index.php?rest_route=\/wp\/v2\/types\/post"}],"author":[{"embeddable":true,"href":"https:\/\/swissmig.unine.ch\/index.php?rest_route=\/wp\/v2\/users\/4"}],"replies":[{"embeddable":true,"href":"https:\/\/swissmig.unine.ch\/index.php?rest_route=%2Fwp%2Fv2%2Fcomments&post=36961"}],"version-history":[{"count":0,"href":"https:\/\/swissmig.unine.ch\/index.php?rest_route=\/wp\/v2\/posts\/36961\/revisions"}],"wp:attachment":[{"href":"https:\/\/swissmig.unine.ch\/index.php?rest_route=%2Fwp%2Fv2%2Fmedia&parent=36961"}],"wp:term":[{"taxonomy":"category","embeddable":true,"href":"https:\/\/swissmig.unine.ch\/index.php?rest_route=%2Fwp%2Fv2%2Fcategories&post=36961"},{"taxonomy":"post_tag","embeddable":true,"href":"https:\/\/swissmig.unine.ch\/index.php?rest_route=%2Fwp%2Fv2%2Ftags&post=36961"}],"curies":[{"name":"wp","href":"https:\/\/api.w.org\/{rel}","templated":true}]}}