{"id":3696,"date":"2020-04-20T08:00:56","date_gmt":"2020-04-20T07:00:56","guid":{"rendered":"https:\/\/swissmig.wordpress.com\/?p=3696"},"modified":"2020-04-20T08:00:56","modified_gmt":"2020-04-20T07:00:56","slug":"processus-dintegration-regard-des-turcs-du-valais-sur-la-comprehension-de-ce-processus","status":"publish","type":"post","link":"https:\/\/swissmig.unine.ch\/?p=3696","title":{"rendered":"Processus d&#8217;int\u00e9gration: regard des Turcs du Valais sur la compr\u00e9hension de ce processus"},"content":{"rendered":"<h3>Author(s) : Meral Altun<\/h3>\n<h3>Source : <a href=\"http:\/\/doc.rero.ch\/record\/308829\" target=\"_blank\" rel=\"noopener\">http:\/\/doc.rero.ch\/record\/308829<\/a><\/h3>\n<p><strong>Abstract: <\/strong><!--more--><\/p>\n<blockquote><p>&#8220;La pr\u00e9sente \u00e9tude se rapporte aux divers points de vue des migrants turcs qui habitent en Valais, quant \u00e0 leur repr\u00e9sentation de l\u2019int\u00e9gration. Elle tend \u00e9galement \u00e0 saisir la port\u00e9e de l\u2019aspect linguistique dans ce processus. Les principales questions trait\u00e9es sont : Quelle compr\u00e9hension les Turcs ont-ils du processus d\u2019int\u00e9gration ? Quel indicateur de l\u2019int\u00e9gration est le plus pr\u00e9sent dans les discours ? Que repr\u00e9sente la ma\u00eetrise d\u2019une langue nationale ?&#8221;<\/p>\n<div class=\"abstractKeywords\">\n<div class=\"hlFld-KeywordText\">\n<p class=\"index ltr\"><strong>Mots-cl\u00e9s :\u00a0<\/strong>int\u00e9gration\u00a0; repr\u00e9sentation de l\u2019int\u00e9gration\u00a0; migration\u00a0; personne \u00e9trang\u00e8re\u00a0; Turcs\u00a0; langue<\/p>\n<\/div>\n<\/div>\n<\/blockquote>\n<p>&nbsp;<\/p>\n","protected":false},"excerpt":{"rendered":"<p>Author(s) : Meral Altun Source : http:\/\/doc.rero.ch\/record\/308829 Abstract:<\/p>\n","protected":false},"author":4,"featured_media":0,"comment_status":"open","ping_status":"open","sticky":false,"template":"","format":"standard","meta":{"_kadence_starter_templates_imported_post":false,"_kad_post_transparent":"","_kad_post_title":"","_kad_post_layout":"","_kad_post_sidebar_id":"","_kad_post_content_style":"","_kad_post_vertical_padding":"","_kad_post_feature":"","_kad_post_feature_position":"","_kad_post_header":false,"_kad_post_footer":false,"_kad_post_classname":"","jetpack_post_was_ever_published":false,"_jetpack_newsletter_access":"","_jetpack_dont_email_post_to_subs":false,"_jetpack_newsletter_tier_id":0,"_jetpack_memberships_contains_paywalled_content":false,"_jetpack_memberships_contains_paid_content":false,"footnotes":""},"categories":[24],"tags":[48,292,151,136,52,387,65,325,91,182,369],"class_list":["post-3696","post","type-post","status-publish","format-standard","hentry","category-society-family-racism","tag-48","tag-bachelor-thesis","tag-cultural-identity","tag-diasporas","tag-french-language","tag-integration-policy","tag-language","tag-methodology","tag-social-integration","tag-turks","tag-valais"],"jetpack_featured_media_url":"","jetpack_sharing_enabled":true,"_links":{"self":[{"href":"https:\/\/swissmig.unine.ch\/index.php?rest_route=\/wp\/v2\/posts\/3696","targetHints":{"allow":["GET"]}}],"collection":[{"href":"https:\/\/swissmig.unine.ch\/index.php?rest_route=\/wp\/v2\/posts"}],"about":[{"href":"https:\/\/swissmig.unine.ch\/index.php?rest_route=\/wp\/v2\/types\/post"}],"author":[{"embeddable":true,"href":"https:\/\/swissmig.unine.ch\/index.php?rest_route=\/wp\/v2\/users\/4"}],"replies":[{"embeddable":true,"href":"https:\/\/swissmig.unine.ch\/index.php?rest_route=%2Fwp%2Fv2%2Fcomments&post=3696"}],"version-history":[{"count":0,"href":"https:\/\/swissmig.unine.ch\/index.php?rest_route=\/wp\/v2\/posts\/3696\/revisions"}],"wp:attachment":[{"href":"https:\/\/swissmig.unine.ch\/index.php?rest_route=%2Fwp%2Fv2%2Fmedia&parent=3696"}],"wp:term":[{"taxonomy":"category","embeddable":true,"href":"https:\/\/swissmig.unine.ch\/index.php?rest_route=%2Fwp%2Fv2%2Fcategories&post=3696"},{"taxonomy":"post_tag","embeddable":true,"href":"https:\/\/swissmig.unine.ch\/index.php?rest_route=%2Fwp%2Fv2%2Ftags&post=3696"}],"curies":[{"name":"wp","href":"https:\/\/api.w.org\/{rel}","templated":true}]}}