{"id":36950,"date":"2024-11-11T08:00:00","date_gmt":"2024-11-11T07:00:00","guid":{"rendered":"https:\/\/swissmig.wordpress.com\/?p=36950"},"modified":"2024-11-11T08:00:00","modified_gmt":"2024-11-11T07:00:00","slug":"migration-und-sozialversicherungen-eine-betrachtung-der-ersten-saule-und-der-familienzulagen","status":"publish","type":"post","link":"https:\/\/swissmig.unine.ch\/?p=36950","title":{"rendered":"Migration und Sozialversicherungen: Eine Betrachtung der ersten S\u00e4ule und der Familienzulagen"},"content":{"rendered":"\n<h3 class=\"wp-block-heading\">Author(s) : Sandro Favre, Reto F\u00f6llmi, Josef Zweim\u00fcller<\/h3>\n\n\n\n<h3 class=\"wp-block-heading\">Source : <a href=\"https:\/\/www.bsv.admin.ch\/bsv\/de\/home\/publikationen-und-service\/forschung\/forschungspublikationen\/_jcr_content\/par\/externalcontent_130482312.bitexternalcontent.exturl.pdf\/aHR0cHM6Ly9mb3JzY2h1bmcuc296aWFsZS1zaWNoZXJoZWl0LW\/Noc3MuY2gvd3AtY29udGVudC91cGxvYWRzLzIwMjMvMTEvMDYt\/MjNELWVCZXJpY2h0LnBkZg==.pdf\" target=\"_blank\" rel=\"noreferrer noopener\">https:\/\/www.bsv.admin.ch\/bsv\/de\/home\/publikationen-und-service\/forschung\/forschungspublikationen\/_jcr_content\/par\/externalcontent_130482312.bitexternalcontent.exturl.pdf\/aHR0cHM6Ly9mb3JzY2h1bmcuc296aWFsZS1zaWNoZXJoZWl0LW\/Noc3MuY2gvd3AtY29udGVudC91cGxvYWRzLzIwMjMvMTEvMDYt\/MjNELWVCZXJpY2h0LnBkZg==.pdf<\/a><\/h3>\n\n\n\n<p><strong>Abstract<\/strong> <\/p>\n\n\n\n<p>&#8220;Seit der Einf\u00fchrung der Personenfreiz\u00fcgigkeit mit der EU werden die Auswirkungen der Einwanderung auf den Sozialstaat intensiv diskutiert. Der j\u00e4hrliche Bericht des Observatoriums zum Freiz\u00fcgigkeitsabkommen Schweiz \u2013 EU hat bis heute immer festgestellt, dass die EU-EFTA Staatsangeh\u00f6rigen wesentlich zur Finanzierung und Konsolidierung der 1. S\u00e4ule der schweizerischen Sozialversicherungen beitragen, da ihr Anteil an den Beitr\u00e4gen h\u00f6her ist als ihr Anteil an den Leistungen.&#8221;<\/p>\n\n\n\n<p><\/p>\n\n\n\n<p><\/p>\n","protected":false},"excerpt":{"rendered":"<p>Author(s) : Sandro Favre, Reto F\u00f6llmi, Josef Zweim\u00fcller Source :&#8230;<\/p>\n","protected":false},"author":4,"featured_media":0,"comment_status":"open","ping_status":"open","sticky":false,"template":"","format":"standard","meta":{"_kadence_starter_templates_imported_post":false,"_kad_post_transparent":"","_kad_post_title":"","_kad_post_layout":"","_kad_post_sidebar_id":"","_kad_post_content_style":"","_kad_post_vertical_padding":"","_kad_post_feature":"","_kad_post_feature_position":"","_kad_post_header":false,"_kad_post_footer":false,"_kad_post_classname":"","jetpack_post_was_ever_published":false,"_jetpack_newsletter_access":"","_jetpack_dont_email_post_to_subs":false,"_jetpack_newsletter_tier_id":0,"_jetpack_memberships_contains_paywalled_content":false,"_jetpack_memberships_contains_paid_content":false,"footnotes":""},"categories":[43],"tags":[739,21,107,73,66,103,249,729,641,308],"class_list":["post-36950","post","type-post","status-publish","format-standard","hentry","category-the-migration-phenomenon","tag-739","tag-family","tag-freedom-of-movement","tag-german-language","tag-migration","tag-refugees","tag-report","tag-social-justice","tag-social-protection","tag-social-security"],"jetpack_featured_media_url":"","jetpack_sharing_enabled":true,"_links":{"self":[{"href":"https:\/\/swissmig.unine.ch\/index.php?rest_route=\/wp\/v2\/posts\/36950","targetHints":{"allow":["GET"]}}],"collection":[{"href":"https:\/\/swissmig.unine.ch\/index.php?rest_route=\/wp\/v2\/posts"}],"about":[{"href":"https:\/\/swissmig.unine.ch\/index.php?rest_route=\/wp\/v2\/types\/post"}],"author":[{"embeddable":true,"href":"https:\/\/swissmig.unine.ch\/index.php?rest_route=\/wp\/v2\/users\/4"}],"replies":[{"embeddable":true,"href":"https:\/\/swissmig.unine.ch\/index.php?rest_route=%2Fwp%2Fv2%2Fcomments&post=36950"}],"version-history":[{"count":0,"href":"https:\/\/swissmig.unine.ch\/index.php?rest_route=\/wp\/v2\/posts\/36950\/revisions"}],"wp:attachment":[{"href":"https:\/\/swissmig.unine.ch\/index.php?rest_route=%2Fwp%2Fv2%2Fmedia&parent=36950"}],"wp:term":[{"taxonomy":"category","embeddable":true,"href":"https:\/\/swissmig.unine.ch\/index.php?rest_route=%2Fwp%2Fv2%2Fcategories&post=36950"},{"taxonomy":"post_tag","embeddable":true,"href":"https:\/\/swissmig.unine.ch\/index.php?rest_route=%2Fwp%2Fv2%2Ftags&post=36950"}],"curies":[{"name":"wp","href":"https:\/\/api.w.org\/{rel}","templated":true}]}}