{"id":36930,"date":"2024-10-28T08:00:00","date_gmt":"2024-10-28T07:00:00","guid":{"rendered":"https:\/\/swissmig.wordpress.com\/?p=36930"},"modified":"2024-10-28T08:00:00","modified_gmt":"2024-10-28T07:00:00","slug":"noch-einmal-den-koffer-packen-heimat-schweiz-heimat-spanien-altere-migrantinnen-und-migranten-erzahlen","status":"publish","type":"post","link":"https:\/\/swissmig.unine.ch\/?p=36930","title":{"rendered":"Noch einmal den Koffer packen? Heimat Schweiz &#8211; Heimat Spanien. \u00c4ltere Migrantinnen und Migranten erz\u00e4hlen"},"content":{"rendered":"\n<h3 class=\"wp-block-heading\">Author(s) : Cristina B\u00fcttikofer-Beltr\u00e1n, Erika Sommer<\/h3>\n\n\n\n<h3 class=\"wp-block-heading\">Source : <a href=\"https:\/\/www.stadt-zuerich.ch\/content\/dam\/stzh\/prd\/Deutsch\/Stadtentwicklung\/Publikationen_und_Broschueren\/Publikationen\/Einblicke-Spanien20Januar202005.pdf\" target=\"_blank\" rel=\"noreferrer noopener\">https:\/\/www.stadt-zuerich.ch\/content\/dam\/stzh\/prd\/Deutsch\/Stadtentwicklung\/Publikationen_und_Broschueren\/Publikationen\/Einblicke-Spanien20Januar202005.pdf<\/a><\/h3>\n\n\n\n<p><strong>Abstract<\/strong> <\/p>\n\n\n\n<p>&#8220;Wir haben Gespr\u00e4che mit pensionierten Spanierinnen und Spaniern gef\u00fchrt, haben nach ihren Motiven f\u00fcr die Migration gefragt, nach ihren Erfahrungen in der Schweiz und den Gr\u00fcnden, warum sie sich f\u00fcr ein Leben hier oder in Spanien entschieden haben. In Spanien haben wir auch Schweizer Rentner angetroffen. Sie erz\u00e4hlen von ihren Erfahrungen als Migranten, und es ist verbl\u00fcffend, wie \u00e4hnlich doch viele Probleme und Schwierigkeiten sind.&#8221;<\/p>\n\n\n\n<p><\/p>\n\n\n\n<p><\/p>\n","protected":false},"excerpt":{"rendered":"<p>Author(s) : Cristina B\u00fcttikofer-Beltr\u00e1n, Erika Sommer Source : https:\/\/www.stadt-zuerich.ch\/content\/dam\/stzh\/prd\/Deutsch\/Stadtentwicklung\/Publikationen_und_Broschueren\/Publikationen\/Einblicke-Spanien20Januar202005.pdf Abstract&#8230;<\/p>\n","protected":false},"author":4,"featured_media":0,"comment_status":"open","ping_status":"open","sticky":false,"template":"","format":"standard","meta":{"_kadence_starter_templates_imported_post":false,"_kad_post_transparent":"","_kad_post_title":"","_kad_post_layout":"","_kad_post_sidebar_id":"","_kad_post_content_style":"","_kad_post_vertical_padding":"","_kad_post_feature":"","_kad_post_feature_position":"","_kad_post_header":false,"_kad_post_footer":false,"_kad_post_classname":"","jetpack_post_was_ever_published":false,"_jetpack_newsletter_access":"","_jetpack_dont_email_post_to_subs":true,"_jetpack_newsletter_tier_id":0,"_jetpack_memberships_contains_paywalled_content":false,"_jetpack_memberships_contains_paid_content":false,"footnotes":""},"categories":[43],"tags":[463,317,106,57,151,137,73,104,736,60,249,348,46,221,349,347],"class_list":["post-36930","post","type-post","status-publish","format-standard","hentry","category-the-migration-phenomenon","tag-463","tag-ageing","tag-border-controls","tag-comparative-analysis","tag-cultural-identity","tag-emigration","tag-german-language","tag-living-conditions","tag-narratives","tag-older-migrants","tag-report","tag-retirement","tag-return-migration","tag-spain","tag-spaniards","tag-testimonies"],"jetpack_featured_media_url":"","jetpack_sharing_enabled":true,"_links":{"self":[{"href":"https:\/\/swissmig.unine.ch\/index.php?rest_route=\/wp\/v2\/posts\/36930","targetHints":{"allow":["GET"]}}],"collection":[{"href":"https:\/\/swissmig.unine.ch\/index.php?rest_route=\/wp\/v2\/posts"}],"about":[{"href":"https:\/\/swissmig.unine.ch\/index.php?rest_route=\/wp\/v2\/types\/post"}],"author":[{"embeddable":true,"href":"https:\/\/swissmig.unine.ch\/index.php?rest_route=\/wp\/v2\/users\/4"}],"replies":[{"embeddable":true,"href":"https:\/\/swissmig.unine.ch\/index.php?rest_route=%2Fwp%2Fv2%2Fcomments&post=36930"}],"version-history":[{"count":0,"href":"https:\/\/swissmig.unine.ch\/index.php?rest_route=\/wp\/v2\/posts\/36930\/revisions"}],"wp:attachment":[{"href":"https:\/\/swissmig.unine.ch\/index.php?rest_route=%2Fwp%2Fv2%2Fmedia&parent=36930"}],"wp:term":[{"taxonomy":"category","embeddable":true,"href":"https:\/\/swissmig.unine.ch\/index.php?rest_route=%2Fwp%2Fv2%2Fcategories&post=36930"},{"taxonomy":"post_tag","embeddable":true,"href":"https:\/\/swissmig.unine.ch\/index.php?rest_route=%2Fwp%2Fv2%2Ftags&post=36930"}],"curies":[{"name":"wp","href":"https:\/\/api.w.org\/{rel}","templated":true}]}}