{"id":36927,"date":"2024-11-11T08:00:00","date_gmt":"2024-11-11T07:00:00","guid":{"rendered":"https:\/\/swissmig.wordpress.com\/?p=36927"},"modified":"2024-11-11T08:00:00","modified_gmt":"2024-11-11T07:00:00","slug":"empowerment-des-familles-migrantes-ayant-de-jeunes-enfants","status":"publish","type":"post","link":"https:\/\/swissmig.unine.ch\/?p=36927","title":{"rendered":"Empowerment des familles migrantes ayant de jeunes enfants"},"content":{"rendered":"\n<h3 class=\"wp-block-heading\"><strong>Author(s)<\/strong> : Delphine Barbe Coulon, Emma Leavy<\/h3>\n\n\n\n<h3 class=\"wp-block-heading\">Source : <a href=\"https:\/\/arodes.hes-so.ch\/record\/13095\" target=\"_blank\" rel=\"noreferrer noopener\">https:\/\/arodes.hes-so.ch\/record\/13095<\/a><\/h3>\n\n\n\n<p><strong>Abstract<\/strong> <\/p>\n\n\n\n<p>A Gen\u00e8ve, un programme r\u00e9unissant infirmi\u00e8res et interpr\u00e8tes communautaires soutient les familles migrantes avec des enfants en bas \u00e2ge. Il a d\u00e9but\u00e9 durant le pic de la pand\u00e9mie, alors que le confinement et la peur de contracter le Covid pesaient au quotidien.<\/p>\n\n\n\n<pre class=\"wp-block-syntaxhighlighter-code\"> <\/pre>\n\n\n\n<p><\/p>\n","protected":false},"excerpt":{"rendered":"<p>Author(s) : Delphine Barbe Coulon, Emma Leavy Source : https:\/\/arodes.hes-so.ch\/record\/13095&#8230;<\/p>\n","protected":false},"author":4,"featured_media":0,"comment_status":"open","ping_status":"open","sticky":false,"template":"","format":"standard","meta":{"_kadence_starter_templates_imported_post":false,"_kad_post_transparent":"","_kad_post_title":"","_kad_post_layout":"","_kad_post_sidebar_id":"","_kad_post_content_style":"","_kad_post_vertical_padding":"","_kad_post_feature":"","_kad_post_feature_position":"","_kad_post_header":false,"_kad_post_footer":false,"_kad_post_classname":"","jetpack_post_was_ever_published":false,"_jetpack_newsletter_access":"","_jetpack_dont_email_post_to_subs":false,"_jetpack_newsletter_tier_id":0,"_jetpack_memberships_contains_paywalled_content":false,"_jetpack_memberships_contains_paid_content":false,"footnotes":""},"categories":[59],"tags":[739,7,318,696,21,52,341,17,160,104,636,480,103,340],"class_list":["post-36927","post","type-post","status-publish","format-standard","hentry","category-health","tag-739","tag-article","tag-children","tag-covid-19","tag-family","tag-french-language","tag-geneva","tag-immigrants","tag-integration-programmes","tag-living-conditions","tag-nurses","tag-public-health","tag-refugees","tag-social-support"],"jetpack_featured_media_url":"","jetpack_sharing_enabled":true,"_links":{"self":[{"href":"https:\/\/swissmig.unine.ch\/index.php?rest_route=\/wp\/v2\/posts\/36927","targetHints":{"allow":["GET"]}}],"collection":[{"href":"https:\/\/swissmig.unine.ch\/index.php?rest_route=\/wp\/v2\/posts"}],"about":[{"href":"https:\/\/swissmig.unine.ch\/index.php?rest_route=\/wp\/v2\/types\/post"}],"author":[{"embeddable":true,"href":"https:\/\/swissmig.unine.ch\/index.php?rest_route=\/wp\/v2\/users\/4"}],"replies":[{"embeddable":true,"href":"https:\/\/swissmig.unine.ch\/index.php?rest_route=%2Fwp%2Fv2%2Fcomments&post=36927"}],"version-history":[{"count":0,"href":"https:\/\/swissmig.unine.ch\/index.php?rest_route=\/wp\/v2\/posts\/36927\/revisions"}],"wp:attachment":[{"href":"https:\/\/swissmig.unine.ch\/index.php?rest_route=%2Fwp%2Fv2%2Fmedia&parent=36927"}],"wp:term":[{"taxonomy":"category","embeddable":true,"href":"https:\/\/swissmig.unine.ch\/index.php?rest_route=%2Fwp%2Fv2%2Fcategories&post=36927"},{"taxonomy":"post_tag","embeddable":true,"href":"https:\/\/swissmig.unine.ch\/index.php?rest_route=%2Fwp%2Fv2%2Ftags&post=36927"}],"curies":[{"name":"wp","href":"https:\/\/api.w.org\/{rel}","templated":true}]}}