{"id":36924,"date":"2024-11-04T08:00:00","date_gmt":"2024-11-04T07:00:00","guid":{"rendered":"https:\/\/swissmig.wordpress.com\/?p=36924"},"modified":"2024-11-04T08:00:00","modified_gmt":"2024-11-04T07:00:00","slug":"etude-sur-les-cantons-de-geneve-et-de-bale-ville-engager-des-travailleurs-allogenes-ou-former-des-apprenti-e-s","status":"publish","type":"post","link":"https:\/\/swissmig.unine.ch\/?p=36924","title":{"rendered":"\u00c9tude sur les cantons de Gen\u00e8ve et de B\u00e2le-Ville : engager des travailleurs allog\u00e8nes ou former des apprenti-e-s ?"},"content":{"rendered":"\n<h3 class=\"wp-block-heading\">Author(s) : Jackie Vorpe<\/h3>\n\n\n\n<h3 class=\"wp-block-heading\">Source : <a href=\"https:\/\/transfer.vet\/fr\/engager-des-travailleurs-allogenes-ou-former-des-apprenti-e-s\/\" target=\"_blank\" rel=\"noreferrer noopener\">https:\/\/transfer.vet\/fr\/engager-des-travailleurs-allogenes-ou-former-des-apprenti-e-s\/<\/a><\/h3>\n\n\n\n<p><strong>Abstract<\/strong> <\/p>\n\n\n\n<p>&#8220;Dans les cantons de Gen\u00e8ve et de B\u00e2le-Ville, le nombre de travailleurs provenant de pays voisins est particuli\u00e8rement important. Ces personnes permettent de compenser les besoins en main-d\u2019\u0153uvre qualifi\u00e9e li\u00e9s \u00e0 la conjoncture ; en m\u00eame temps, l\u2019arriv\u00e9e de personnel non indig\u00e8ne nuit \u00e0 la formation de la propre rel\u00e8ve professionnelle. Dans quelle mesure cela se produit-il ? C\u2019est le sujet de la pr\u00e9sente th\u00e8se, qui s\u2019appuie sur l\u2019histoire des deux cantons.&#8221;<\/p>\n\n\n\n<p><\/p>\n","protected":false},"excerpt":{"rendered":"<p>Author(s) : Jackie Vorpe Source : https:\/\/transfer.vet\/fr\/engager-des-travailleurs-allogenes-ou-former-des-apprenti-e-s\/ Abstract &#8220;Dans les&#8230;<\/p>\n","protected":false},"author":4,"featured_media":0,"comment_status":"open","ping_status":"open","sticky":false,"template":"","format":"standard","meta":{"_kadence_starter_templates_imported_post":false,"_kad_post_transparent":"","_kad_post_title":"","_kad_post_layout":"","_kad_post_sidebar_id":"","_kad_post_content_style":"","_kad_post_vertical_padding":"","_kad_post_feature":"","_kad_post_feature_position":"","_kad_post_header":false,"_kad_post_footer":false,"_kad_post_classname":"","jetpack_post_was_ever_published":false,"_jetpack_newsletter_access":"","_jetpack_dont_email_post_to_subs":false,"_jetpack_newsletter_tier_id":0,"_jetpack_memberships_contains_paywalled_content":false,"_jetpack_memberships_contains_paid_content":false,"footnotes":""},"categories":[16],"tags":[739,156,514,57,520,176,28,52,341,87,133,371,158],"class_list":["post-36924","post","type-post","status-publish","format-standard","hentry","category-economics","tag-739","tag-basel","tag-blog-article","tag-comparative-analysis","tag-cross-border-workers","tag-economic-integration","tag-foreigners","tag-french-language","tag-geneva","tag-history","tag-immigrant-policy","tag-vocational-training","tag-working-conditions"],"jetpack_featured_media_url":"","jetpack_sharing_enabled":true,"_links":{"self":[{"href":"https:\/\/swissmig.unine.ch\/index.php?rest_route=\/wp\/v2\/posts\/36924","targetHints":{"allow":["GET"]}}],"collection":[{"href":"https:\/\/swissmig.unine.ch\/index.php?rest_route=\/wp\/v2\/posts"}],"about":[{"href":"https:\/\/swissmig.unine.ch\/index.php?rest_route=\/wp\/v2\/types\/post"}],"author":[{"embeddable":true,"href":"https:\/\/swissmig.unine.ch\/index.php?rest_route=\/wp\/v2\/users\/4"}],"replies":[{"embeddable":true,"href":"https:\/\/swissmig.unine.ch\/index.php?rest_route=%2Fwp%2Fv2%2Fcomments&post=36924"}],"version-history":[{"count":0,"href":"https:\/\/swissmig.unine.ch\/index.php?rest_route=\/wp\/v2\/posts\/36924\/revisions"}],"wp:attachment":[{"href":"https:\/\/swissmig.unine.ch\/index.php?rest_route=%2Fwp%2Fv2%2Fmedia&parent=36924"}],"wp:term":[{"taxonomy":"category","embeddable":true,"href":"https:\/\/swissmig.unine.ch\/index.php?rest_route=%2Fwp%2Fv2%2Fcategories&post=36924"},{"taxonomy":"post_tag","embeddable":true,"href":"https:\/\/swissmig.unine.ch\/index.php?rest_route=%2Fwp%2Fv2%2Ftags&post=36924"}],"curies":[{"name":"wp","href":"https:\/\/api.w.org\/{rel}","templated":true}]}}