{"id":36909,"date":"2024-10-28T08:00:00","date_gmt":"2024-10-28T07:00:00","guid":{"rendered":"https:\/\/swissmig.wordpress.com\/?p=36909"},"modified":"2024-10-28T08:00:00","modified_gmt":"2024-10-28T07:00:00","slug":"migrationsliteratur-aus-der-schweiz-beat-sterchi-franco-supino-aglaja-veteranyi-melinda-nadj-abonji-und-ilma-rakusa","status":"publish","type":"post","link":"https:\/\/swissmig.unine.ch\/?p=36909","title":{"rendered":"Migrationsliteratur aus der Schweiz: Beat Sterchi, Franco Supino, Aglaja Veteranyi, Melinda Nadj Abonji und Ilma Rakusa"},"content":{"rendered":"\n<h3 class=\"wp-block-heading\">Author(s) : St\u00e9phane Maffli<\/h3>\n\n\n\n<h3 class=\"wp-block-heading\">Source : <a href=\"https:\/\/library.oapen.org\/handle\/20.500.12657\/53105\" target=\"_blank\" rel=\"noreferrer noopener\">https:\/\/library.oapen.org\/handle\/20.500.12657\/53105<\/a><\/h3>\n\n\n\n<p><strong>Abstract<\/strong> <\/p>\n\n\n\n<p>&#8220;Kaum etwas pr\u00e4gt ein Leben so stark wie die Erfahrung der Migration. Wie ist es, in einer fremden Gesellschaft ein neues Leben zu beginnen? Und welche Antworten kann die Literatur auf diese Frage geben? St\u00e9phane Maffli analysiert die Literatursprache und Erz\u00e4hlweise von f\u00fcnf Texten aus der deutschsprachigen Schweiz, die Einblick in Migration geben. Er zeigt, wie sich bei der Lekt\u00fcre die M\u00f6glichkeit der Identifikation mit den Figuren er\u00f6ffnet, und wie die Rolle der Migrationserfahrung f\u00fcr die Identit\u00e4tsbildung vorstellbar wird. Die Ber\u00fccksichtigung gesellschaftlicher und kultureller Prozesse erweitert die literaturwissenschaftliche Perspektive um eine soziologische Dimension.&#8221;<\/p>\n\n\n\n<p><\/p>\n\n\n\n<p><\/p>\n","protected":false},"excerpt":{"rendered":"<p>Author(s) : St\u00e9phane Maffli Source : https:\/\/library.oapen.org\/handle\/20.500.12657\/53105 Abstract &#8220;Kaum etwas&#8230;<\/p>\n","protected":false},"author":4,"featured_media":0,"comment_status":"open","ping_status":"open","sticky":false,"template":"","format":"standard","meta":{"_kadence_starter_templates_imported_post":false,"_kad_post_transparent":"","_kad_post_title":"","_kad_post_layout":"","_kad_post_sidebar_id":"","_kad_post_content_style":"","_kad_post_vertical_padding":"","_kad_post_feature":"","_kad_post_feature_position":"","_kad_post_header":false,"_kad_post_footer":false,"_kad_post_classname":"","jetpack_post_was_ever_published":false,"_jetpack_newsletter_access":"","_jetpack_dont_email_post_to_subs":false,"_jetpack_newsletter_tier_id":0,"_jetpack_memberships_contains_paywalled_content":false,"_jetpack_memberships_contains_paid_content":false,"footnotes":""},"categories":[167],"tags":[693,404,562,173,151,493,73,66,180,736,347],"class_list":["post-36909","post","type-post","status-publish","format-standard","hentry","category-ethnicity-languages-religion-arts","tag-693","tag-arts","tag-book","tag-cross-cultural-communication","tag-cultural-identity","tag-diversity-management","tag-german-language","tag-migration","tag-multiculturalism","tag-narratives","tag-testimonies"],"jetpack_featured_media_url":"","jetpack_sharing_enabled":true,"_links":{"self":[{"href":"https:\/\/swissmig.unine.ch\/index.php?rest_route=\/wp\/v2\/posts\/36909","targetHints":{"allow":["GET"]}}],"collection":[{"href":"https:\/\/swissmig.unine.ch\/index.php?rest_route=\/wp\/v2\/posts"}],"about":[{"href":"https:\/\/swissmig.unine.ch\/index.php?rest_route=\/wp\/v2\/types\/post"}],"author":[{"embeddable":true,"href":"https:\/\/swissmig.unine.ch\/index.php?rest_route=\/wp\/v2\/users\/4"}],"replies":[{"embeddable":true,"href":"https:\/\/swissmig.unine.ch\/index.php?rest_route=%2Fwp%2Fv2%2Fcomments&post=36909"}],"version-history":[{"count":0,"href":"https:\/\/swissmig.unine.ch\/index.php?rest_route=\/wp\/v2\/posts\/36909\/revisions"}],"wp:attachment":[{"href":"https:\/\/swissmig.unine.ch\/index.php?rest_route=%2Fwp%2Fv2%2Fmedia&parent=36909"}],"wp:term":[{"taxonomy":"category","embeddable":true,"href":"https:\/\/swissmig.unine.ch\/index.php?rest_route=%2Fwp%2Fv2%2Fcategories&post=36909"},{"taxonomy":"post_tag","embeddable":true,"href":"https:\/\/swissmig.unine.ch\/index.php?rest_route=%2Fwp%2Fv2%2Ftags&post=36909"}],"curies":[{"name":"wp","href":"https:\/\/api.w.org\/{rel}","templated":true}]}}