{"id":36903,"date":"2024-10-21T08:00:00","date_gmt":"2024-10-21T07:00:00","guid":{"rendered":"https:\/\/swissmig.wordpress.com\/?p=36903"},"modified":"2024-10-21T08:00:00","modified_gmt":"2024-10-21T07:00:00","slug":"exil-und-soziokulturelle-identitat-zwei-generationen-von-sudamerikanern-in-europa","status":"publish","type":"post","link":"https:\/\/swissmig.unine.ch\/?p=36903","title":{"rendered":"Exil und soziokulturelle Identit\u00e4t. Zwei Generationen von S\u00fcdamerikanern in Europa"},"content":{"rendered":"\n<h3 class=\"wp-block-heading\">Author(s) : Claudio Bolzman<\/h3>\n\n\n\n<h3 class=\"wp-block-heading\">Source : <a href=\"https:\/\/doi.org\/10.31819\/9783964567048-008\" target=\"_blank\" rel=\"noreferrer noopener\">https:\/\/doi.org\/10.31819\/9783964567048-008<\/a><\/h3>\n\n\n\n<p><strong>Abstract<\/strong> <\/p>\n\n\n\n<p>Das Exil ist eine spezifische Art der Migration. Hier handelt es sich um ein soziales Ph\u00e4nomen, das im Grunde definiert werden kann als der Zwang, fern vom eigenen Land zu leben mit dem Verbot zur\u00fcckzukehren &#8211; in der Erwartung, da\u00df dieses Verbot aufgehoben wird. In Lateinamerika ist das Exil eine der Formen von Unterdr\u00fcckung, die die Milit\u00e4rregimes anwenden, um zu versuchen, alle Arten von Opposition zu unterbinden. F\u00fcr die Betroffenen bedeutet das Exil also eine erzwungene Migration, da sie weder die M\u00f6glichkeit haben, zwischen Dableiben und Weggehen zu w\u00e4hlen, noch den Zeitpunkt der R\u00fcckkehr festzulegen.<\/p>\n\n\n\n<p><\/p>\n\n\n\n<p><\/p>\n","protected":false},"excerpt":{"rendered":"<p>Author(s) : Claudio Bolzman Source : https:\/\/doi.org\/10.31819\/9783964567048-008 Abstract Das Exil&#8230;<\/p>\n","protected":false},"author":4,"featured_media":0,"comment_status":"open","ping_status":"open","sticky":false,"template":"","format":"standard","meta":{"_kadence_starter_templates_imported_post":false,"_kad_post_transparent":"","_kad_post_title":"","_kad_post_layout":"","_kad_post_sidebar_id":"","_kad_post_content_style":"","_kad_post_vertical_padding":"","_kad_post_feature":"","_kad_post_feature_position":"","_kad_post_header":false,"_kad_post_footer":false,"_kad_post_classname":"","jetpack_post_was_ever_published":false,"_jetpack_newsletter_access":"","_jetpack_dont_email_post_to_subs":true,"_jetpack_newsletter_tier_id":0,"_jetpack_memberships_contains_paywalled_content":false,"_jetpack_memberships_contains_paid_content":false,"footnotes":""},"categories":[43],"tags":[550,32,106,151,27,613,73,261,94,124,103,145],"class_list":["post-36903","post","type-post","status-publish","format-standard","hentry","category-the-migration-phenomenon","tag-550","tag-book-chapter","tag-border-controls","tag-cultural-identity","tag-european-union","tag-forced-migration","tag-german-language","tag-latin-americans","tag-political-system","tag-protest-movements","tag-refugees","tag-second-generation"],"jetpack_featured_media_url":"","jetpack_sharing_enabled":true,"_links":{"self":[{"href":"https:\/\/swissmig.unine.ch\/index.php?rest_route=\/wp\/v2\/posts\/36903","targetHints":{"allow":["GET"]}}],"collection":[{"href":"https:\/\/swissmig.unine.ch\/index.php?rest_route=\/wp\/v2\/posts"}],"about":[{"href":"https:\/\/swissmig.unine.ch\/index.php?rest_route=\/wp\/v2\/types\/post"}],"author":[{"embeddable":true,"href":"https:\/\/swissmig.unine.ch\/index.php?rest_route=\/wp\/v2\/users\/4"}],"replies":[{"embeddable":true,"href":"https:\/\/swissmig.unine.ch\/index.php?rest_route=%2Fwp%2Fv2%2Fcomments&post=36903"}],"version-history":[{"count":0,"href":"https:\/\/swissmig.unine.ch\/index.php?rest_route=\/wp\/v2\/posts\/36903\/revisions"}],"wp:attachment":[{"href":"https:\/\/swissmig.unine.ch\/index.php?rest_route=%2Fwp%2Fv2%2Fmedia&parent=36903"}],"wp:term":[{"taxonomy":"category","embeddable":true,"href":"https:\/\/swissmig.unine.ch\/index.php?rest_route=%2Fwp%2Fv2%2Fcategories&post=36903"},{"taxonomy":"post_tag","embeddable":true,"href":"https:\/\/swissmig.unine.ch\/index.php?rest_route=%2Fwp%2Fv2%2Ftags&post=36903"}],"curies":[{"name":"wp","href":"https:\/\/api.w.org\/{rel}","templated":true}]}}