{"id":36890,"date":"2024-10-21T08:00:00","date_gmt":"2024-10-21T07:00:00","guid":{"rendered":"https:\/\/swissmig.wordpress.com\/?p=36890"},"modified":"2024-10-21T08:00:00","modified_gmt":"2024-10-21T07:00:00","slug":"europaische-rechtsentwicklungen-und-ihre-auswirkungen-auf-die-schweiz","status":"publish","type":"post","link":"https:\/\/swissmig.unine.ch\/?p=36890","title":{"rendered":"Europ\u00e4ische Rechtsentwicklungen und ihre Auswirkungen auf die Schweiz"},"content":{"rendered":"\n<h3 class=\"wp-block-heading\">Author(s) : Sarah Progin-Theuerkauf<\/h3>\n\n\n\n<h3 class=\"wp-block-heading\">Source : <a href=\"https:\/\/folia.unifr.ch\/global\/documents\/329310\" target=\"_blank\" rel=\"noreferrer noopener\">https:\/\/folia.unifr.ch\/global\/documents\/329310<\/a><\/h3>\n\n\n\n<p><strong>Abstract<\/strong> <\/p>\n\n\n\n<p>&#8220;In Ankn\u00fcpfung an den Vorjahresbeitrag wird nachfolgend ein \u00dcberblick \u00fcber die wesentlichen rechtlichen Entwicklungen im Migrationsbereich von Mitte 2023 bis Ende Mai 2024 gegeben. Dabei wird der Schwerpunkt auf diejenigen Instrumente gesetzt, welche f\u00fcr die Schweiz von Bedeutung sind. Die meisten Rechtsakte, die die Schweiz direkt \u00fcbernehmen muss, fallen unter das Schengen-Assoziierungsabkommen (SAA). Dieses betrifft in erster Linie die Bereiche Grenzschutz, Visapolitik und R\u00fcckf\u00fchrungspolitik. Hier ist aus dem Berichtszeitraum insbesondere die im Rahmen des Asyl- und Migrationspaktes angenommene Screening-Verordnung zu nennen. Zudem wurde eine Neufassung des Schengener Grenzkodex verabschiedet. Was die Dublin-Assoziierung angeht, so wurde hier eine Nachfolgerin der Dublin-III-Verordnung (Dublin-III-VO) und eine Neufassung der Eurodac-Verordnung verabschiedet. Auch die Krisen-Verordnung stellt eine Dublin-Weiterentwicklung dar.&#8221;<\/p>\n\n\n\n<p><\/p>\n\n\n\n<p><\/p>\n","protected":false},"excerpt":{"rendered":"<p>Author(s) : Sarah Progin-Theuerkauf Source : https:\/\/folia.unifr.ch\/global\/documents\/329310 Abstract &#8220;In Ankn\u00fcpfung&#8230;<\/p>\n","protected":false},"author":4,"featured_media":0,"comment_status":"open","ping_status":"open","sticky":false,"template":"","format":"standard","meta":{"_kadence_starter_templates_imported_post":false,"_kad_post_transparent":"","_kad_post_title":"","_kad_post_layout":"","_kad_post_sidebar_id":"","_kad_post_content_style":"","_kad_post_vertical_padding":"","_kad_post_feature":"","_kad_post_feature_position":"","_kad_post_header":false,"_kad_post_footer":false,"_kad_post_classname":"","jetpack_post_was_ever_published":false,"_jetpack_newsletter_access":"","_jetpack_dont_email_post_to_subs":false,"_jetpack_newsletter_tier_id":0,"_jetpack_memberships_contains_paywalled_content":false,"_jetpack_memberships_contains_paid_content":false,"footnotes":""},"categories":[53],"tags":[291,111,112,32,106,27,73,563,387,94,211],"class_list":["post-36890","post","type-post","status-publish","format-standard","hentry","category-law","tag-291","tag-asylum-applications","tag-asylum-procedure","tag-book-chapter","tag-border-controls","tag-european-union","tag-german-language","tag-immigration-law","tag-integration-policy","tag-political-system","tag-schengen-convention"],"jetpack_featured_media_url":"","jetpack_sharing_enabled":true,"_links":{"self":[{"href":"https:\/\/swissmig.unine.ch\/index.php?rest_route=\/wp\/v2\/posts\/36890","targetHints":{"allow":["GET"]}}],"collection":[{"href":"https:\/\/swissmig.unine.ch\/index.php?rest_route=\/wp\/v2\/posts"}],"about":[{"href":"https:\/\/swissmig.unine.ch\/index.php?rest_route=\/wp\/v2\/types\/post"}],"author":[{"embeddable":true,"href":"https:\/\/swissmig.unine.ch\/index.php?rest_route=\/wp\/v2\/users\/4"}],"replies":[{"embeddable":true,"href":"https:\/\/swissmig.unine.ch\/index.php?rest_route=%2Fwp%2Fv2%2Fcomments&post=36890"}],"version-history":[{"count":0,"href":"https:\/\/swissmig.unine.ch\/index.php?rest_route=\/wp\/v2\/posts\/36890\/revisions"}],"wp:attachment":[{"href":"https:\/\/swissmig.unine.ch\/index.php?rest_route=%2Fwp%2Fv2%2Fmedia&parent=36890"}],"wp:term":[{"taxonomy":"category","embeddable":true,"href":"https:\/\/swissmig.unine.ch\/index.php?rest_route=%2Fwp%2Fv2%2Fcategories&post=36890"},{"taxonomy":"post_tag","embeddable":true,"href":"https:\/\/swissmig.unine.ch\/index.php?rest_route=%2Fwp%2Fv2%2Ftags&post=36890"}],"curies":[{"name":"wp","href":"https:\/\/api.w.org\/{rel}","templated":true}]}}