{"id":36871,"date":"2024-10-14T08:00:00","date_gmt":"2024-10-14T07:00:00","guid":{"rendered":"https:\/\/swissmig.wordpress.com\/?p=36871"},"modified":"2024-10-14T08:00:00","modified_gmt":"2024-10-14T07:00:00","slug":"le-regime-daide-durgence-et-les-droits-de-lenfant-avis-de-droit-et-etude-de-conformite-a-la-lumiere-de-la-constitution-federale-suisse-et-de-la-convention-relative-aux-dro","status":"publish","type":"post","link":"https:\/\/swissmig.unine.ch\/?p=36871","title":{"rendered":"Le r\u00e9gime d\u2019aide d\u2019urgence et les droits de l\u2019enfant : avis de droit et \u00e9tude de conformit\u00e9 \u00e0 la lumi\u00e8re de la Constitution f\u00e9d\u00e9rale suisse et de la Convention relative aux droits de l\u2019enfant = Das Nothilferegime und die Rechte des Kindes : Rechtsgutachten und Studie zur Vereinbarkeit mit der schweizerischen Bundesverfassung und der Kinderrechtskonvention"},"content":{"rendered":"\n<h3 class=\"wp-block-heading\">Author(s) : Cesla Amarelle, Nesa Zimmermann<\/h3>\n\n\n\n<h3 class=\"wp-block-heading\">Source : FR : <a href=\"https:\/\/www.newsd.admin.ch\/newsd\/message\/attachments\/89809.pdf\" target=\"_blank\" rel=\"noreferrer noopener\">https:\/\/www.newsd.admin.ch\/newsd\/message\/attachments\/89809.pdf<\/a> DE: <a href=\"https:\/\/www.newsd.admin.ch\/newsd\/message\/attachments\/89808.pdf\" target=\"_blank\" rel=\"noreferrer noopener\">https:\/\/www.newsd.admin.ch\/newsd\/message\/attachments\/89808.pdf<\/a> <\/h3>\n\n\n\n<p><strong>Abstract<\/strong> N\/A<\/p>\n","protected":false},"excerpt":{"rendered":"<p>Author(s) : Cesla Amarelle, Nesa Zimmermann Source : FR :&#8230;<\/p>\n","protected":false},"author":4,"featured_media":0,"comment_status":"open","ping_status":"open","sticky":false,"template":"","format":"standard","meta":{"_kadence_starter_templates_imported_post":false,"_kad_post_transparent":"","_kad_post_title":"","_kad_post_layout":"","_kad_post_sidebar_id":"","_kad_post_content_style":"","_kad_post_vertical_padding":"","_kad_post_feature":"","_kad_post_feature_position":"","_kad_post_header":false,"_kad_post_footer":false,"_kad_post_classname":"","jetpack_post_was_ever_published":false,"_jetpack_newsletter_access":"","_jetpack_dont_email_post_to_subs":false,"_jetpack_newsletter_tier_id":0,"_jetpack_memberships_contains_paywalled_content":false,"_jetpack_memberships_contains_paid_content":false,"footnotes":""},"categories":[53],"tags":[291,407,556,762,49,398,318,126,52,73,378,128,104,102,249,641,314,118],"class_list":["post-36871","post","type-post","status-publish","format-standard","hentry","category-law","tag-291","tag-access-to-education","tag-access-to-health-care","tag-access-to-mental-health-care","tag-asylum-policy","tag-child-care","tag-children","tag-constitutional-right","tag-french-language","tag-german-language","tag-housing","tag-human-rights","tag-living-conditions","tag-poverty","tag-report","tag-social-protection","tag-social-services","tag-youth"],"jetpack_featured_media_url":"","jetpack_sharing_enabled":true,"_links":{"self":[{"href":"https:\/\/swissmig.unine.ch\/index.php?rest_route=\/wp\/v2\/posts\/36871","targetHints":{"allow":["GET"]}}],"collection":[{"href":"https:\/\/swissmig.unine.ch\/index.php?rest_route=\/wp\/v2\/posts"}],"about":[{"href":"https:\/\/swissmig.unine.ch\/index.php?rest_route=\/wp\/v2\/types\/post"}],"author":[{"embeddable":true,"href":"https:\/\/swissmig.unine.ch\/index.php?rest_route=\/wp\/v2\/users\/4"}],"replies":[{"embeddable":true,"href":"https:\/\/swissmig.unine.ch\/index.php?rest_route=%2Fwp%2Fv2%2Fcomments&post=36871"}],"version-history":[{"count":0,"href":"https:\/\/swissmig.unine.ch\/index.php?rest_route=\/wp\/v2\/posts\/36871\/revisions"}],"wp:attachment":[{"href":"https:\/\/swissmig.unine.ch\/index.php?rest_route=%2Fwp%2Fv2%2Fmedia&parent=36871"}],"wp:term":[{"taxonomy":"category","embeddable":true,"href":"https:\/\/swissmig.unine.ch\/index.php?rest_route=%2Fwp%2Fv2%2Fcategories&post=36871"},{"taxonomy":"post_tag","embeddable":true,"href":"https:\/\/swissmig.unine.ch\/index.php?rest_route=%2Fwp%2Fv2%2Ftags&post=36871"}],"curies":[{"name":"wp","href":"https:\/\/api.w.org\/{rel}","templated":true}]}}