{"id":3687,"date":"2020-04-13T08:00:15","date_gmt":"2020-04-13T07:00:15","guid":{"rendered":"https:\/\/swissmig.wordpress.com\/?p=3687"},"modified":"2020-04-13T08:00:15","modified_gmt":"2020-04-13T07:00:15","slug":"wir-und-die-anderen-einstellungen-zu-den-fremden-bei-jugendlichen-mit-und-ohne-migrationshintergrund-we-and-the-others-attitudes-toward-strangers-by-young-peo","status":"publish","type":"post","link":"https:\/\/swissmig.unine.ch\/?p=3687","title":{"rendered":"Wir und die &#8220;Anderen&#8221;: Einstellungen zu den &#8220;Fremden&#8221; bei Jugendlichen mit und ohne Migrationshintergrund = We and \u201cthe others&#8221; : Attitudes toward \u201cstrangers\u201d by young people with and without a migration background"},"content":{"rendered":"<h3>Author(s) : Victoria Franco Cabrera Gr\u00fctter<\/h3>\n<h3>Source : <a href=\"https:\/\/doc.rero.ch\/record\/233407\" target=\"_blank\" rel=\"noopener\">https:\/\/doc.rero.ch\/record\/233407<\/a><\/h3>\n<p><strong>Abstract: <\/strong><!--more--><\/p>\n<blockquote><p>&#8220;This paper explores from a perspective of intercultural communication young people\u2019s attitudes towards &#8220;others&#8221;. Moreover, it examines whether this attitudes are related to the fact of having a migration background or not. Is there a difference between youngsters with and without a migration background? Previously released studies have already pointed out that apparently negative attitudes towards foreigners are closely related to a strict parental education (Adorno, 1969) in combination with the political understanding (Haenni Hoti, 2006) and a certain &#8220;reluctance to changes&#8221; (Stolz, 2000). Yet, the younger segment of the population seems to have a less negative attitude against foreigners comparing to the older generation (Cattacin et al, 2006; Stolz, 2000). Psychological studies have provided more insight into intercultural skills of young people with a migration background. These studies have focused mainly on the complex identity of young people (Granata, 2011; Man\u00e7o, 2002). The ability to adapt to the cultural challenges of the host country as well as to their country of origin has often been referred to as cultural competence.&#8221;<\/p>\n<p><strong>Keywords<\/strong>: Intercultural communication competence\u00a0; second generation migrants\u00a0; discrimination\u00a0; media and migrants<\/p>\n<p><strong>Zusammenfassung<\/strong>: &#8220;In der vorliegenden Arbeit wird aus Sicht der interkulturellen Kommunikation der Frage nach der Einstellung zu den \u201eAnderen\u201c nachgegangen und wie diese in Zusammenhang mit dem Migrations- oder Nicht-Migrationshintergrund steht. Lassen sich Unterschiede zwischen Jugendlichen mit und ohne Migrationshintergrund feststellen? In bisher realisierten Studien wurde bereits nachgewiesen, dass eine Ausl\u00e4nder ablehnende Haltung mit einer strengen elterlichen Erziehung (Adorno, 1969), mit dem politischen Verst\u00e4ndnis (H\u00e4nni Hoti, 2006) und einer gewissen \u201eVer\u00e4nderungsfeindlichkeit\u201c (Stolz, 2000) zusammenh\u00e4ngen. Die j\u00fcngere Bev\u00f6lkerungsschicht ist dabei gegen\u00fcber \u201eFremden\u201c h\u00e4ufig offener als die \u00e4ltere (Cattacin et al., 2006; Stolz, 2000). Psychologische Studien geben ihrerseits Hinweise auf die interkulturellen F\u00e4higkeiten der Jugendlichen mit Migrationshintergrund. Sie konzentrieren sich auf die identit\u00e4re Komplexit\u00e4t derselben (Granata, 2011; Man\u00e7o, 2002). Die F\u00e4higkeit, sich sowohl dem Aufnahme- wie dem Herkunftsland anzupassen, wird oft als kulturelle Kompetenz gewertet.&#8221;<\/p>\n<p><strong>Schl\u00fcsselw\u00f6rter<\/strong>: Interkulturelle Kommunikation\u00a0; interkulturelle Kompetenz\u00a0; Medien und Immigranten\u00a0; Immigranten der zweiten Generation<\/p>\n<p>&nbsp;<\/p><\/blockquote>\n<p>&nbsp;<\/p>\n","protected":false},"excerpt":{"rendered":"<p>Author(s) : Victoria Franco Cabrera Gr\u00fctter Source : https:\/\/doc.rero.ch\/record\/233407 Abstract:<\/p>\n","protected":false},"author":4,"featured_media":0,"comment_status":"open","ping_status":"open","sticky":false,"template":"","format":"standard","meta":{"_kadence_starter_templates_imported_post":false,"_kad_post_transparent":"","_kad_post_title":"","_kad_post_layout":"","_kad_post_sidebar_id":"","_kad_post_content_style":"","_kad_post_vertical_padding":"","_kad_post_feature":"","_kad_post_feature_position":"","_kad_post_header":false,"_kad_post_footer":false,"_kad_post_classname":"","jetpack_post_was_ever_published":false,"_jetpack_newsletter_access":"","_jetpack_dont_email_post_to_subs":false,"_jetpack_newsletter_tier_id":0,"_jetpack_memberships_contains_paywalled_content":false,"_jetpack_memberships_contains_paid_content":false,"footnotes":""},"categories":[24],"tags":[6,37,57,92,173,400,151,146,589,232,73,280,114,115,145,118],"class_list":["post-3687","post","type-post","status-publish","format-standard","hentry","category-society-family-racism","tag-6","tag-attitudes-towards-migrants","tag-comparative-analysis","tag-country-of-origin","tag-cross-cultural-communication","tag-cultural-competency","tag-cultural-identity","tag-discrimination","tag-doctoral-thesis","tag-education","tag-german-language","tag-immigration-background","tag-intercultural-education","tag-mass-media","tag-second-generation","tag-youth"],"jetpack_featured_media_url":"","jetpack_sharing_enabled":true,"_links":{"self":[{"href":"https:\/\/swissmig.unine.ch\/index.php?rest_route=\/wp\/v2\/posts\/3687","targetHints":{"allow":["GET"]}}],"collection":[{"href":"https:\/\/swissmig.unine.ch\/index.php?rest_route=\/wp\/v2\/posts"}],"about":[{"href":"https:\/\/swissmig.unine.ch\/index.php?rest_route=\/wp\/v2\/types\/post"}],"author":[{"embeddable":true,"href":"https:\/\/swissmig.unine.ch\/index.php?rest_route=\/wp\/v2\/users\/4"}],"replies":[{"embeddable":true,"href":"https:\/\/swissmig.unine.ch\/index.php?rest_route=%2Fwp%2Fv2%2Fcomments&post=3687"}],"version-history":[{"count":0,"href":"https:\/\/swissmig.unine.ch\/index.php?rest_route=\/wp\/v2\/posts\/3687\/revisions"}],"wp:attachment":[{"href":"https:\/\/swissmig.unine.ch\/index.php?rest_route=%2Fwp%2Fv2%2Fmedia&parent=3687"}],"wp:term":[{"taxonomy":"category","embeddable":true,"href":"https:\/\/swissmig.unine.ch\/index.php?rest_route=%2Fwp%2Fv2%2Fcategories&post=3687"},{"taxonomy":"post_tag","embeddable":true,"href":"https:\/\/swissmig.unine.ch\/index.php?rest_route=%2Fwp%2Fv2%2Ftags&post=3687"}],"curies":[{"name":"wp","href":"https:\/\/api.w.org\/{rel}","templated":true}]}}