{"id":36857,"date":"2024-10-07T08:00:00","date_gmt":"2024-10-07T07:00:00","guid":{"rendered":"https:\/\/swissmig.wordpress.com\/?p=36857"},"modified":"2024-10-07T08:00:00","modified_gmt":"2024-10-07T07:00:00","slug":"stato-e-religione-in-svizzera-lotte-per-il-riconoscimento-forme-del-riconoscimento","status":"publish","type":"post","link":"https:\/\/swissmig.unine.ch\/?p=36857","title":{"rendered":"Stato e religione in Svizzera : lotte per il riconoscimento forme del riconoscimento"},"content":{"rendered":"\n<p>Author(s) : Sandro Cattacin, Cla Reto Famos, Michael Duttwiler, Hans Mahnig<\/p>\n\n\n\n<h3 class=\"wp-block-heading\">Source : <a href=\"https:\/\/www.ekr.admin.ch\/pdf\/staat_religion_gesamt_def-i4bea.pdf\" target=\"_blank\" rel=\"noreferrer noopener\">https:\/\/www.ekr.admin.ch\/pdf\/staat_religion_gesamt_def-i4bea.pdf<\/a><\/h3>\n\n\n\n<p><strong>Abstract<\/strong> <\/p>\n\n\n\n<p>&#8220;Da lungo tempo, la Svizzera non \u00e8 pi\u00f9 una nazione \u00abpuramente\u00bb cristiana. Anche se se-<br>condo il censimento federale della popolazione del 2000 circa tre quarti della popolazione<br>residente continua a professarsi cattolico romana o evangelica riformata \u2013 ovvero le due<br>Chiese nazionali \u2013 quasi il 10% delle persone che abitano nel nostro Paese appartiene a<br>un\u2019altra comunit\u00e0 religiosa. Si tratta di circa 700 000 persone. La questione che si pone \u00e8<br>quale posto esse occupano o dovrebbero occupare nella societ\u00e0 svizzera e quale posto la<br>societ\u00e0 svizzera assegna o concede loro.&#8221;<\/p>\n\n\n\n<p><\/p>\n\n\n\n<p><\/p>\n","protected":false},"excerpt":{"rendered":"<p>Author(s) : Sandro Cattacin, Cla Reto Famos, Michael Duttwiler, Hans&#8230;<\/p>\n","protected":false},"author":4,"featured_media":0,"comment_status":"open","ping_status":"open","sticky":false,"template":"","format":"standard","meta":{"_kadence_starter_templates_imported_post":false,"_kad_post_transparent":"","_kad_post_title":"","_kad_post_layout":"","_kad_post_sidebar_id":"","_kad_post_content_style":"","_kad_post_vertical_padding":"","_kad_post_feature":"","_kad_post_feature_position":"","_kad_post_header":false,"_kad_post_footer":false,"_kad_post_classname":"","jetpack_post_was_ever_published":false,"_jetpack_newsletter_access":"","_jetpack_dont_email_post_to_subs":true,"_jetpack_newsletter_tier_id":0,"_jetpack_memberships_contains_paywalled_content":false,"_jetpack_memberships_contains_paid_content":false,"footnotes":""},"categories":[167],"tags":[481,57,173,493,461,180,94,444,168,249,716],"class_list":["post-36857","post","type-post","status-publish","format-standard","hentry","category-ethnicity-languages-religion-arts","tag-481","tag-comparative-analysis","tag-cross-cultural-communication","tag-diversity-management","tag-italian-language","tag-multiculturalism","tag-political-system","tag-religious-institutions","tag-religious-practice","tag-report","tag-sfm"],"jetpack_featured_media_url":"","jetpack_sharing_enabled":true,"_links":{"self":[{"href":"https:\/\/swissmig.unine.ch\/index.php?rest_route=\/wp\/v2\/posts\/36857","targetHints":{"allow":["GET"]}}],"collection":[{"href":"https:\/\/swissmig.unine.ch\/index.php?rest_route=\/wp\/v2\/posts"}],"about":[{"href":"https:\/\/swissmig.unine.ch\/index.php?rest_route=\/wp\/v2\/types\/post"}],"author":[{"embeddable":true,"href":"https:\/\/swissmig.unine.ch\/index.php?rest_route=\/wp\/v2\/users\/4"}],"replies":[{"embeddable":true,"href":"https:\/\/swissmig.unine.ch\/index.php?rest_route=%2Fwp%2Fv2%2Fcomments&post=36857"}],"version-history":[{"count":0,"href":"https:\/\/swissmig.unine.ch\/index.php?rest_route=\/wp\/v2\/posts\/36857\/revisions"}],"wp:attachment":[{"href":"https:\/\/swissmig.unine.ch\/index.php?rest_route=%2Fwp%2Fv2%2Fmedia&parent=36857"}],"wp:term":[{"taxonomy":"category","embeddable":true,"href":"https:\/\/swissmig.unine.ch\/index.php?rest_route=%2Fwp%2Fv2%2Fcategories&post=36857"},{"taxonomy":"post_tag","embeddable":true,"href":"https:\/\/swissmig.unine.ch\/index.php?rest_route=%2Fwp%2Fv2%2Ftags&post=36857"}],"curies":[{"name":"wp","href":"https:\/\/api.w.org\/{rel}","templated":true}]}}