{"id":36855,"date":"2024-10-07T08:00:00","date_gmt":"2024-10-07T07:00:00","guid":{"rendered":"https:\/\/swissmig.wordpress.com\/?p=36855"},"modified":"2024-10-07T08:00:00","modified_gmt":"2024-10-07T07:00:00","slug":"staat-und-religion-in-der-schweiz-anerkennugskampfe-anerkennugsformen","status":"publish","type":"post","link":"https:\/\/swissmig.unine.ch\/?p=36855","title":{"rendered":"Staat und Religion in der Schweiz: Anerkennugsk\u00e4mpfe, Anerkennugsformen"},"content":{"rendered":"\n<h3 class=\"wp-block-heading\">Author(s) : Sandro Cattacin, Cla Reto Famos, Michael Duttwiler, Hans Mahnig<\/h3>\n\n\n\n<h3 class=\"wp-block-heading\">Source : <a href=\"https:\/\/www.ekr.admin.ch\/pdf\/staat_religion_gesamt_def-d3fa2.pdf\" target=\"_blank\" rel=\"noreferrer noopener\">https:\/\/www.ekr.admin.ch\/pdf\/staat_religion_gesamt_def-d3fa2.pdf<\/a><\/h3>\n\n\n\n<p><strong>Abstract<\/strong> <\/p>\n\n\n\n<p>&#8220;L\u00e4ngst ist die Schweiz kein \u201erein\u201c christliches Land mehr. Auch wenn sich gem\u00e4ss Eid-<br>gen\u00f6ssischer Volksz\u00e4hlung vom Jahr 2000 nach wie vor knapp drei Viertel der schweizeri-<br>schen Wohnbev\u00f6lkerung der r\u00f6misch-katholischen oder der evangelisch-protestantischen<br>Kirche \u2013 das heisst einer der beiden Landeskirchen \u2013 zugeh\u00f6rig f\u00fchlt, sind fast 10 % der hier<br>lebenden Menschen Angeh\u00f6rige einer andern Religionsgemeinschaft. Das sind rund 700&#8217;000<br>Menschen. Da stellt sich die Frage, welchen Platz sie in der schweizerischen Gesellschaft<br>einnehmen oder einnehmen sollten, welchen Platz ihnen die schweizerische Gesellschaft<br>zuweist oder zugesteht.&#8221;<\/p>\n\n\n\n<p><\/p>\n\n\n\n<p><\/p>\n","protected":false},"excerpt":{"rendered":"<p>Author(s) : Sandro Cattacin, Cla Reto Famos, Michael Duttwiler, Hans&#8230;<\/p>\n","protected":false},"author":4,"featured_media":0,"comment_status":"open","ping_status":"open","sticky":false,"template":"","format":"standard","meta":{"_kadence_starter_templates_imported_post":false,"_kad_post_transparent":"","_kad_post_title":"","_kad_post_layout":"","_kad_post_sidebar_id":"","_kad_post_content_style":"","_kad_post_vertical_padding":"","_kad_post_feature":"","_kad_post_feature_position":"","_kad_post_header":false,"_kad_post_footer":false,"_kad_post_classname":"","jetpack_post_was_ever_published":false,"_jetpack_newsletter_access":"","_jetpack_dont_email_post_to_subs":true,"_jetpack_newsletter_tier_id":0,"_jetpack_memberships_contains_paywalled_content":false,"_jetpack_memberships_contains_paid_content":false,"footnotes":""},"categories":[167],"tags":[481,57,173,493,73,180,94,444,168,249,716],"class_list":["post-36855","post","type-post","status-publish","format-standard","hentry","category-ethnicity-languages-religion-arts","tag-481","tag-comparative-analysis","tag-cross-cultural-communication","tag-diversity-management","tag-german-language","tag-multiculturalism","tag-political-system","tag-religious-institutions","tag-religious-practice","tag-report","tag-sfm"],"jetpack_featured_media_url":"","jetpack_sharing_enabled":true,"_links":{"self":[{"href":"https:\/\/swissmig.unine.ch\/index.php?rest_route=\/wp\/v2\/posts\/36855","targetHints":{"allow":["GET"]}}],"collection":[{"href":"https:\/\/swissmig.unine.ch\/index.php?rest_route=\/wp\/v2\/posts"}],"about":[{"href":"https:\/\/swissmig.unine.ch\/index.php?rest_route=\/wp\/v2\/types\/post"}],"author":[{"embeddable":true,"href":"https:\/\/swissmig.unine.ch\/index.php?rest_route=\/wp\/v2\/users\/4"}],"replies":[{"embeddable":true,"href":"https:\/\/swissmig.unine.ch\/index.php?rest_route=%2Fwp%2Fv2%2Fcomments&post=36855"}],"version-history":[{"count":0,"href":"https:\/\/swissmig.unine.ch\/index.php?rest_route=\/wp\/v2\/posts\/36855\/revisions"}],"wp:attachment":[{"href":"https:\/\/swissmig.unine.ch\/index.php?rest_route=%2Fwp%2Fv2%2Fmedia&parent=36855"}],"wp:term":[{"taxonomy":"category","embeddable":true,"href":"https:\/\/swissmig.unine.ch\/index.php?rest_route=%2Fwp%2Fv2%2Fcategories&post=36855"},{"taxonomy":"post_tag","embeddable":true,"href":"https:\/\/swissmig.unine.ch\/index.php?rest_route=%2Fwp%2Fv2%2Ftags&post=36855"}],"curies":[{"name":"wp","href":"https:\/\/api.w.org\/{rel}","templated":true}]}}