{"id":36851,"date":"2024-10-07T08:00:00","date_gmt":"2024-10-07T07:00:00","guid":{"rendered":"https:\/\/swissmig.wordpress.com\/?p=36851"},"modified":"2024-10-07T08:00:00","modified_gmt":"2024-10-07T07:00:00","slug":"etat-et-religion-en-suisse-luttes-pour-la-reconnaissance-formes-de-la-reconnaissance","status":"publish","type":"post","link":"https:\/\/swissmig.unine.ch\/?p=36851","title":{"rendered":"\u00c9tat et religion en Suisse : luttes pour la reconnaissance, formes de la reconnaissance"},"content":{"rendered":"\n<h3 class=\"wp-block-heading\">Author(s) : Sandro Cattacin, Cla Reto Famos, Michael Duttwiler, Hans Mahnig<\/h3>\n\n\n\n<h3 class=\"wp-block-heading\">Source : <a href=\"https:\/\/www.ekr.admin.ch\/pdf\/staat_religion_gesamt_def-f30ef.pdf\" target=\"_blank\" rel=\"noreferrer noopener\">https:\/\/www.ekr.admin.ch\/pdf\/staat_religion_gesamt_def-f30ef.pdf<\/a><\/h3>\n\n\n\n<p><strong>Abstract<\/strong> <\/p>\n\n\n\n<p>&#8220;Depuis longtemps, la Suisse n\u2019est plus un pays \u00ab purement \u00bb chr\u00e9tien. M\u00eame si, d\u2019apr\u00e8s<br>le recensement de la population de l\u2019an 2000, pr\u00e8s des trois quarts des personnes r\u00e9sidant en<br>Suisse d\u00e9clarent appartenir \u00e0 l\u2019\u00c9glise catholique-romaine ou \u00e0 l\u2019\u00c9glise protestante-\u00e9van-<br>g\u00e9lique, c\u2019est-\u00e0-dire \u00e0 l\u2019une des deux \u00c9glises nationales, les membres d\u2019autres communaut\u00e9s<br>religieuses ne repr\u00e9sentent pas loin de 10% des habitants, soit 700&#8217;000 personnes environ.<br>D\u00e8s lors, la question se pose de savoir quelle place ces personnes ont ou devraient avoir dans<br>la soci\u00e9t\u00e9 suisse et quelle place cette soci\u00e9t\u00e9 leur donne ou leur conc\u00e8de.&#8221;<\/p>\n\n\n\n<p><\/p>\n\n\n\n<p><\/p>\n","protected":false},"excerpt":{"rendered":"<p>Author(s) : Sandro Cattacin, Cla Reto Famos, Michael Duttwiler, Hans&#8230;<\/p>\n","protected":false},"author":4,"featured_media":0,"comment_status":"open","ping_status":"open","sticky":false,"template":"","format":"standard","meta":{"_kadence_starter_templates_imported_post":false,"_kad_post_transparent":"","_kad_post_title":"","_kad_post_layout":"","_kad_post_sidebar_id":"","_kad_post_content_style":"","_kad_post_vertical_padding":"","_kad_post_feature":"","_kad_post_feature_position":"","_kad_post_header":false,"_kad_post_footer":false,"_kad_post_classname":"","jetpack_post_was_ever_published":false,"_jetpack_newsletter_access":"","_jetpack_dont_email_post_to_subs":true,"_jetpack_newsletter_tier_id":0,"_jetpack_memberships_contains_paywalled_content":false,"_jetpack_memberships_contains_paid_content":false,"footnotes":""},"categories":[167],"tags":[481,57,173,493,52,180,94,444,168,249,716],"class_list":["post-36851","post","type-post","status-publish","format-standard","hentry","category-ethnicity-languages-religion-arts","tag-481","tag-comparative-analysis","tag-cross-cultural-communication","tag-diversity-management","tag-french-language","tag-multiculturalism","tag-political-system","tag-religious-institutions","tag-religious-practice","tag-report","tag-sfm"],"jetpack_featured_media_url":"","jetpack_sharing_enabled":true,"_links":{"self":[{"href":"https:\/\/swissmig.unine.ch\/index.php?rest_route=\/wp\/v2\/posts\/36851","targetHints":{"allow":["GET"]}}],"collection":[{"href":"https:\/\/swissmig.unine.ch\/index.php?rest_route=\/wp\/v2\/posts"}],"about":[{"href":"https:\/\/swissmig.unine.ch\/index.php?rest_route=\/wp\/v2\/types\/post"}],"author":[{"embeddable":true,"href":"https:\/\/swissmig.unine.ch\/index.php?rest_route=\/wp\/v2\/users\/4"}],"replies":[{"embeddable":true,"href":"https:\/\/swissmig.unine.ch\/index.php?rest_route=%2Fwp%2Fv2%2Fcomments&post=36851"}],"version-history":[{"count":0,"href":"https:\/\/swissmig.unine.ch\/index.php?rest_route=\/wp\/v2\/posts\/36851\/revisions"}],"wp:attachment":[{"href":"https:\/\/swissmig.unine.ch\/index.php?rest_route=%2Fwp%2Fv2%2Fmedia&parent=36851"}],"wp:term":[{"taxonomy":"category","embeddable":true,"href":"https:\/\/swissmig.unine.ch\/index.php?rest_route=%2Fwp%2Fv2%2Fcategories&post=36851"},{"taxonomy":"post_tag","embeddable":true,"href":"https:\/\/swissmig.unine.ch\/index.php?rest_route=%2Fwp%2Fv2%2Ftags&post=36851"}],"curies":[{"name":"wp","href":"https:\/\/api.w.org\/{rel}","templated":true}]}}