{"id":36837,"date":"2024-09-30T08:00:00","date_gmt":"2024-09-30T07:00:00","guid":{"rendered":"https:\/\/swissmig.wordpress.com\/?p=36837"},"modified":"2024-09-30T08:00:00","modified_gmt":"2024-09-30T07:00:00","slug":"the-impact-of-the-legislative-political-and-economic-context-of-the-country-of-origin-on-naturalisation-the-case-of-eu-nationals-in-switzerland-impact-des-contextes-legislatif-politique-et-econom","status":"publish","type":"post","link":"https:\/\/swissmig.unine.ch\/?p=36837","title":{"rendered":"The Impact of the Legislative, Political and Economic Context of the Country of Origin on Naturalisation. The Case of EU Nationals in Switzerland \/ Impact des contextes l\u00e9gislatif, politique et \u00e9conomique du pays d\u2019origine sur la naturalisation. Le cas des ressortissant\u00b7e\u00b7s de l\u2019Union europ\u00e9enne en Suisse"},"content":{"rendered":"\n<h3 class=\"wp-block-heading\">Author(s) : Aur\u00e9lie Pont, Philippe Wanner<\/h3>\n\n\n\n<h3 class=\"wp-block-heading\">Source : <a href=\"https:\/\/doi.org\/10.4000\/remi.24263\" target=\"_blank\" rel=\"noreferrer noopener\">https:\/\/doi.org\/10.4000\/remi.24263<\/a><\/h3>\n\n\n\n<p><strong>Abstract: <\/strong><\/p>\n\n\n\n<!--more-->\n\n\n\n<blockquote class=\"wp-block-quote is-layout-flow wp-block-quote-is-layout-flow\">\n<p>Naturalization decision not only depends on the profile and migratory trajectory of those likely to acquire a new nationality but also on the characteristics of the host countries and the countries of origin. Until now, little attention has been paid to changes in the country of origin. Thus, this article focused on three events that may have affected the naturalization of foreign nationals living in Switzerland: recognition of dual nationality, EU accession, and the euro debt crisis. It aims to shed light on naturalization practices by comparing the evolution of naturalization rates throughout periods before and after these changes occurred in the country of origin. Results show that the recognition of dual nationality is likely to have an increased interest in naturalization on a long-term basis, while the new UE Member States\u2019 naturalization rate decreased and converged towards the European rate. The impact of the economic crisis is more questionable.<\/p>\n\n\n\n<p>La d\u00e9cision de se naturaliser d\u00e9pend non seulement du profil et de la trajectoire migratoire des personnes susceptibles d\u2019acqu\u00e9rir une nouvelle nationalit\u00e9, mais aussi des caract\u00e9ristiques des pays d\u2019accueil et d\u2019origine. Peu d\u2019attention est toutefois port\u00e9e aux changements survenant dans le pays d\u2019origine. Cet article s\u2019int\u00e9resse \u00e0 trois \u00e9v\u00e8nements ayant pu affecter la naturalisation des ressortissant\u00b7e\u00b7s \u00e9tranger\u00b7\u00e8re\u00b7s vivant en Suisse\u00a0: la reconnaissance de la double nationalit\u00e9, l\u2019entr\u00e9e dans l\u2019UE et la crise de l\u2019euro. Il \u00e9claire les pratiques de naturalisation en comparant l\u2019\u00e9volution des taux de naturalisation durant les p\u00e9riodes pr\u00e9c\u00e9dant et suivant ces changements. Les r\u00e9sultats montrent que la reconnaissance de la double nationalit\u00e9 a certainement augment\u00e9 durablement l\u2019int\u00e9r\u00eat \u00e0 se naturaliser alors que le taux de naturalisation des nouveaux \u00c9tats membres de l\u2019UE diminue et converge vers le taux europ\u00e9en. L\u2019impact de la crise \u00e9conomique est quant \u00e0 lui plus discutable.<\/p>\n\n\n\n<p><strong>Keywords<\/strong>: naturalization, standardized naturalization rate, dual nationality, economic crisis, EU membership, Switzerland, European Union<\/p>\n<\/blockquote>\n","protected":false},"excerpt":{"rendered":"<p>Author(s) : Aur\u00e9lie Pont, Philippe Wanner Source : https:\/\/doi.org\/10.4000\/remi.24263 Abstract:<\/p>\n","protected":false},"author":4,"featured_media":0,"comment_status":"open","ping_status":"open","sticky":false,"template":"","format":"standard","meta":{"_kadence_starter_templates_imported_post":false,"_kad_post_transparent":"","_kad_post_title":"","_kad_post_layout":"","_kad_post_sidebar_id":"","_kad_post_content_style":"","_kad_post_vertical_padding":"","_kad_post_feature":"","_kad_post_feature_position":"","_kad_post_header":false,"_kad_post_footer":false,"_kad_post_classname":"","jetpack_post_was_ever_published":false,"_jetpack_newsletter_access":"","_jetpack_dont_email_post_to_subs":false,"_jetpack_newsletter_tier_id":0,"_jetpack_memberships_contains_paywalled_content":false,"_jetpack_memberships_contains_paid_content":false,"footnotes":""},"categories":[12],"tags":[739,7,70,57,92,777,310,642,9,634,58,27,303,619,110,93,787,143],"class_list":["post-36837","post","type-post","status-publish","format-standard","hentry","category-politics","tag-739","tag-article","tag-citizenship","tag-comparative-analysis","tag-country-of-origin","tag-crises","tag-decision-making","tag-dual-citizenship","tag-english-language","tag-ethnography","tag-europe","tag-european-union","tag-legal-aspects","tag-migration-intentions","tag-mobility","tag-naturalization","tag-political-impact","tag-statistical-data"],"jetpack_featured_media_url":"","jetpack_sharing_enabled":true,"_links":{"self":[{"href":"https:\/\/swissmig.unine.ch\/index.php?rest_route=\/wp\/v2\/posts\/36837","targetHints":{"allow":["GET"]}}],"collection":[{"href":"https:\/\/swissmig.unine.ch\/index.php?rest_route=\/wp\/v2\/posts"}],"about":[{"href":"https:\/\/swissmig.unine.ch\/index.php?rest_route=\/wp\/v2\/types\/post"}],"author":[{"embeddable":true,"href":"https:\/\/swissmig.unine.ch\/index.php?rest_route=\/wp\/v2\/users\/4"}],"replies":[{"embeddable":true,"href":"https:\/\/swissmig.unine.ch\/index.php?rest_route=%2Fwp%2Fv2%2Fcomments&post=36837"}],"version-history":[{"count":0,"href":"https:\/\/swissmig.unine.ch\/index.php?rest_route=\/wp\/v2\/posts\/36837\/revisions"}],"wp:attachment":[{"href":"https:\/\/swissmig.unine.ch\/index.php?rest_route=%2Fwp%2Fv2%2Fmedia&parent=36837"}],"wp:term":[{"taxonomy":"category","embeddable":true,"href":"https:\/\/swissmig.unine.ch\/index.php?rest_route=%2Fwp%2Fv2%2Fcategories&post=36837"},{"taxonomy":"post_tag","embeddable":true,"href":"https:\/\/swissmig.unine.ch\/index.php?rest_route=%2Fwp%2Fv2%2Ftags&post=36837"}],"curies":[{"name":"wp","href":"https:\/\/api.w.org\/{rel}","templated":true}]}}