{"id":36816,"date":"2024-09-16T08:00:00","date_gmt":"2024-09-16T07:00:00","guid":{"rendered":"https:\/\/swissmig.wordpress.com\/?p=36816"},"modified":"2024-09-16T08:00:00","modified_gmt":"2024-09-16T07:00:00","slug":"zydrooneschittler-maisdiiger-und-bolanteschlugger-hitzkopfe-und-messerhelden-la-diaspora-italiana-di-basilea-alla-vigilia-della-prima-guerra-mondiale-rivisitata-con-laiuto-dei-controversi-fatt","status":"publish","type":"post","link":"https:\/\/swissmig.unine.ch\/?p=36816","title":{"rendered":"Zydrooneschittler, Maisdiiger und Bol\u00e4nteschlugger: Hitzk\u00f6pfe und Messerhelden : la diaspora italiana di Basilea alla vigilia della Prima Guerra mondiale rivisitata con l&#8217;aiuto dei (controversi) fatti di Muttenz"},"content":{"rendered":"\n<h3 class=\"wp-block-heading\">Author(s) : Peter Manz<\/h3>\n\n\n\n<h3 class=\"wp-block-heading\">Source : <a href=\"https:\/\/doi.org\/10.5169\/seals-81218\" target=\"_blank\" rel=\"noreferrer noopener\">https:\/\/doi.org\/10.5169\/seals-81218<\/a><\/h3>\n\n\n\n<p><strong>Abstract: <\/strong><\/p>\n\n\n\n<!--more-->\n\n\n\n<blockquote class=\"wp-block-quote is-layout-flow wp-block-quote-is-layout-flow\">\n<p>&#8220;Der Autor besch\u00e4ftigt sich mit einer recht aussergew\u00f6hnlichen und vor allem nicht unbedeutenden Episode der italienischen Immigration. Im Juni 1914 kommt es auf dem Bahnhofplatz von Muttenz zu einem heftigen Konflikt, der nicht weniger als dreihundert Personen miteinbezieht und grosses Aufsehen erregt. Dieser Zwischenfall wirft eine ganze Reihe von Fragen auf: Woher kommt diese unaufhaltbare Aggressivit\u00e4t? Wie soll man diese gewaltige Konfliktualit\u00e4t interpretieren? Was f\u00fcr Ausl\u00f6ser haben hier mitgespielt? Was f\u00fcr strukturelle Ursachen stecken dahinter? Liefert die Wirtschafts- und Sozialgeschiehte der Agglomeration Basel eine Teilerkl\u00e4rung dazu? Warum brechen diese Spannungen gerade jetzt und gerade in einem Vorort aus? Muss man hier nur mit endogenen Ursachen rechnen oder auch mit exogenen Anst\u00f6ssen? Der Autor geht diesen und anderen Fragen nach und versucht ein plausibles Auslegungsmodell zusammenzustellen.&#8221;<\/p>\n\n\n\n<p>&#8220;Cet article est consacr\u00e9 aux tensions et \u00e0 l&#8217;\u00e9ruption de violence survenue en juin 1914 dans la communaut\u00e9 italienne de Muttenz BL. Ces \u00e9v\u00e9nements, qui ont impliqu\u00e9 plus de 300 personnes, suscitent de nombreuses questions : quelle a \u00e9t\u00e9 l&#8217;origine de cette soudaine agressivit\u00e9 ? Quels en<br>furent les ferments ? Quels en \u00e9taient en arri\u00e8re-fond les motifs structurels ? L&#8217;histoire \u00e9conomique et sociale de la r\u00e9gion peut-elle nous fournir une explication ? Pourquoi le conflit a-t-il \u00e9clat\u00e9 \u00e0 ce moment et dans un faubourg ? Y avait-il \u00e0 c\u00f4t\u00e9 des motifs endog\u00e8nes une impulsion exog\u00e8ne ?&#8221;<\/p>\n<\/blockquote>\n","protected":false},"excerpt":{"rendered":"<p>Author(s) : Peter Manz Source : https:\/\/doi.org\/10.5169\/seals-81218 Abstract:<\/p>\n","protected":false},"author":4,"featured_media":0,"comment_status":"open","ping_status":"open","sticky":false,"template":"","format":"standard","meta":{"_kadence_starter_templates_imported_post":false,"_kad_post_transparent":"","_kad_post_title":"","_kad_post_layout":"","_kad_post_sidebar_id":"","_kad_post_content_style":"","_kad_post_vertical_padding":"","_kad_post_feature":"","_kad_post_feature_position":"","_kad_post_header":false,"_kad_post_footer":false,"_kad_post_classname":"","jetpack_post_was_ever_published":false,"_jetpack_newsletter_access":"","_jetpack_dont_email_post_to_subs":true,"_jetpack_newsletter_tier_id":0,"_jetpack_memberships_contains_paywalled_content":false,"_jetpack_memberships_contains_paid_content":false,"footnotes":""},"categories":[35],"tags":[534,7,37,156,483,521,461,175,19,124,91,279,402,416,384,97],"class_list":["post-36816","post","type-post","status-publish","format-standard","hentry","category-history","tag-534","tag-article","tag-attitudes-towards-migrants","tag-basel","tag-communities","tag-conflict","tag-italian-language","tag-italians","tag-labour-market","tag-protest-movements","tag-social-integration","tag-socioeconomic-factors","tag-temporary-admission","tag-violence","tag-workers","tag-xenophobia"],"jetpack_featured_media_url":"","jetpack_sharing_enabled":true,"_links":{"self":[{"href":"https:\/\/swissmig.unine.ch\/index.php?rest_route=\/wp\/v2\/posts\/36816","targetHints":{"allow":["GET"]}}],"collection":[{"href":"https:\/\/swissmig.unine.ch\/index.php?rest_route=\/wp\/v2\/posts"}],"about":[{"href":"https:\/\/swissmig.unine.ch\/index.php?rest_route=\/wp\/v2\/types\/post"}],"author":[{"embeddable":true,"href":"https:\/\/swissmig.unine.ch\/index.php?rest_route=\/wp\/v2\/users\/4"}],"replies":[{"embeddable":true,"href":"https:\/\/swissmig.unine.ch\/index.php?rest_route=%2Fwp%2Fv2%2Fcomments&post=36816"}],"version-history":[{"count":0,"href":"https:\/\/swissmig.unine.ch\/index.php?rest_route=\/wp\/v2\/posts\/36816\/revisions"}],"wp:attachment":[{"href":"https:\/\/swissmig.unine.ch\/index.php?rest_route=%2Fwp%2Fv2%2Fmedia&parent=36816"}],"wp:term":[{"taxonomy":"category","embeddable":true,"href":"https:\/\/swissmig.unine.ch\/index.php?rest_route=%2Fwp%2Fv2%2Fcategories&post=36816"},{"taxonomy":"post_tag","embeddable":true,"href":"https:\/\/swissmig.unine.ch\/index.php?rest_route=%2Fwp%2Fv2%2Ftags&post=36816"}],"curies":[{"name":"wp","href":"https:\/\/api.w.org\/{rel}","templated":true}]}}