{"id":36796,"date":"2024-09-09T08:00:00","date_gmt":"2024-09-09T07:00:00","guid":{"rendered":"https:\/\/swissmig.wordpress.com\/?p=36796"},"modified":"2024-09-09T08:00:00","modified_gmt":"2024-09-09T07:00:00","slug":"acces-aux-soins-et-tri-medical-trajectoires-de-personnes-sans-assurance-maladie-en-suisse","status":"publish","type":"post","link":"https:\/\/swissmig.unine.ch\/?p=36796","title":{"rendered":"Acc\u00e8s aux soins et tri m\u00e9dical : trajectoires de personnes sans assurance-maladie en Suisse"},"content":{"rendered":"\n<h3 class=\"wp-block-heading\">Author(s) : Sabrina Roduit<\/h3>\n\n\n\n<h3 class=\"wp-block-heading\">Source : <a href=\"https:\/\/seismoverlag.ch\/fr\/daten\/acces-aux-soins-et-tri-medical\/\" target=\"_blank\" rel=\"noreferrer noopener\">https:\/\/seismoverlag.ch\/fr\/daten\/acces-aux-soins-et-tri-medical\/<\/a><\/h3>\n\n\n\n<p><strong>Abstract: <\/strong><\/p>\n\n\n\n<!--more-->\n\n\n\n<blockquote class=\"wp-block-quote is-layout-flow wp-block-quote-is-layout-flow\">\n<p>Malgr\u00e9 un syst\u00e8me obligatoire d\u2019assurance-maladie, des dizaines de milliers de personnes se retrouvent durablement sans couverture sant\u00e9 en Suisse, rendant leur recours et leur acc\u00e8s aux soins complexes. Au travers d\u2019entretiens et d\u2019observations dans des lieux sociaux et des structures de sant\u00e9 \u00e0 Gen\u00e8ve, cet ouvrage analyse les parcours de vie et de soins de personnes non assur\u00e9es, en questionnant les logiques d\u2019int\u00e9gration et d\u2019exclusion pr\u00e9sentes dans le syst\u00e8me de sant\u00e9 suisse. Cette recherche met en lumi\u00e8re que l\u2019acc\u00e8s aux soins s\u2019organise selon des crit\u00e8res et normes, r\u00e9v\u00e9lant des pratiques de tri en fonction des trajectoires des individus. Elle \u00e9claire \u00e9galement sur le r\u00f4le des r\u00e9seaux personnels dans le recours aux soins, et d\u00e9voile un ph\u00e9nom\u00e8ne d\u2019externalisation des soins au-del\u00e0 de la fronti\u00e8re.<\/p>\n<\/blockquote>\n","protected":false},"excerpt":{"rendered":"<p>Author(s) : Sabrina Roduit Source : https:\/\/seismoverlag.ch\/fr\/daten\/acces-aux-soins-et-tri-medical\/ Abstract:<\/p>\n","protected":false},"author":4,"featured_media":0,"comment_status":"open","ping_status":"open","sticky":false,"template":"","format":"standard","meta":{"_kadence_starter_templates_imported_post":false,"_kad_post_transparent":"","_kad_post_title":"","_kad_post_layout":"","_kad_post_sidebar_id":"","_kad_post_content_style":"","_kad_post_vertical_padding":"","_kad_post_feature":"","_kad_post_feature_position":"","_kad_post_header":false,"_kad_post_footer":false,"_kad_post_classname":"","jetpack_post_was_ever_published":false,"_jetpack_newsletter_access":"","_jetpack_dont_email_post_to_subs":false,"_jetpack_newsletter_tier_id":0,"_jetpack_memberships_contains_paywalled_content":false,"_jetpack_memberships_contains_paid_content":false,"footnotes":""},"categories":[59],"tags":[291,556,562,52,341,157,350,127,294,581,480,130,262],"class_list":["post-36796","post","type-post","status-publish","format-standard","hentry","category-health","tag-291","tag-access-to-health-care","tag-book","tag-french-language","tag-geneva","tag-health-care","tag-health-inequalities","tag-health-policy","tag-irregular-migration","tag-primary-health-care","tag-public-health","tag-right-to-health","tag-undocumented-immigrants"],"jetpack_featured_media_url":"","jetpack_sharing_enabled":true,"_links":{"self":[{"href":"https:\/\/swissmig.unine.ch\/index.php?rest_route=\/wp\/v2\/posts\/36796","targetHints":{"allow":["GET"]}}],"collection":[{"href":"https:\/\/swissmig.unine.ch\/index.php?rest_route=\/wp\/v2\/posts"}],"about":[{"href":"https:\/\/swissmig.unine.ch\/index.php?rest_route=\/wp\/v2\/types\/post"}],"author":[{"embeddable":true,"href":"https:\/\/swissmig.unine.ch\/index.php?rest_route=\/wp\/v2\/users\/4"}],"replies":[{"embeddable":true,"href":"https:\/\/swissmig.unine.ch\/index.php?rest_route=%2Fwp%2Fv2%2Fcomments&post=36796"}],"version-history":[{"count":0,"href":"https:\/\/swissmig.unine.ch\/index.php?rest_route=\/wp\/v2\/posts\/36796\/revisions"}],"wp:attachment":[{"href":"https:\/\/swissmig.unine.ch\/index.php?rest_route=%2Fwp%2Fv2%2Fmedia&parent=36796"}],"wp:term":[{"taxonomy":"category","embeddable":true,"href":"https:\/\/swissmig.unine.ch\/index.php?rest_route=%2Fwp%2Fv2%2Fcategories&post=36796"},{"taxonomy":"post_tag","embeddable":true,"href":"https:\/\/swissmig.unine.ch\/index.php?rest_route=%2Fwp%2Fv2%2Ftags&post=36796"}],"curies":[{"name":"wp","href":"https:\/\/api.w.org\/{rel}","templated":true}]}}