{"id":36766,"date":"2024-08-26T08:00:00","date_gmt":"2024-08-26T07:00:00","guid":{"rendered":"https:\/\/swissmig.wordpress.com\/?p=36766"},"modified":"2024-08-26T08:00:00","modified_gmt":"2024-08-26T07:00:00","slug":"gleiche-rechte-fur-alle-die-vorlaufige-aufnahme-im-vergleich-zum-schutzstatus-s-les-memes-droits-pour-toutes-et-tous-ladmission-provisoire-par-rapport-au-statut-de-protection-s","status":"publish","type":"post","link":"https:\/\/swissmig.unine.ch\/?p=36766","title":{"rendered":"Gleiche Rechte f\u00fcr alle? Die vorl\u00e4ufige Aufnahme im Vergleich zum Schutzstatus S \/ Les m\u00eames droits pour toutes et tous? L\u2019admission provisoire par rapport au statut de protection S"},"content":{"rendered":"\n<h3 class=\"wp-block-heading\">Author(s) : Vera Huter, Andrea Marti<\/h3>\n\n\n\n<h3 class=\"wp-block-heading\">Source : DE <a href=\"https:\/\/beobachtungsstelle.ch\/news\/gleiche-rechte-fuer-alle\/\" target=\"_blank\" rel=\"noreferrer noopener\">https:\/\/beobachtungsstelle.ch\/news\/gleiche-rechte-fuer-alle\/<\/a> \/ FR <a href=\"https:\/\/beobachtungsstelle.ch\/news\/les-memes-droits-pour-toutes-et-tous-ladmission-provisoire-par-rapport-au-statut-de-protection-s\/\" target=\"_blank\" rel=\"noreferrer noopener\">https:\/\/beobachtungsstelle.ch\/news\/les-memes-droits-pour-toutes-et-tous-ladmission-provisoire-par-rapport-au-statut-de-protection-s\/<\/a><\/h3>\n\n\n\n<p><strong>Abstract: <\/strong><\/p>\n\n\n\n<!--more-->\n\n\n\n<blockquote class=\"wp-block-quote is-layout-flow wp-block-quote-is-layout-flow\">\n<p>Der neue Fachbericht setzt sich mit der vorl\u00e4ufigen Aufnahme auseinander und vergleicht diese mit dem Schutzstatus S. Die SBAA pr\u00fcft dabei, ob zwischen den beiden Personengruppen eine Ungleichbehandlung vorliegt und stellt Forderung zur Verbesserung der vorl\u00e4ufigen Aufnahme.<\/p>\n\n\n\n<p>Le nouveau rapport se penche sur l\u2019admission provisoire et la compare au statut de protection S. L\u2019ODAE-Suisse examine alors s\u2019il existe une in\u00e9galit\u00e9 de traitement entre les deux groupes de personnes et pose des exigences pour am\u00e9liorer l\u2019admission provisoire.<\/p>\n<\/blockquote>\n","protected":false},"excerpt":{"rendered":"<p>Author(s) : Vera Huter, Andrea Marti Source : DE https:\/\/beobachtungsstelle.ch\/news\/gleiche-rechte-fuer-alle\/&#8230;<\/p>\n","protected":false},"author":4,"featured_media":0,"comment_status":"open","ping_status":"open","sticky":false,"template":"","format":"standard","meta":{"_kadence_starter_templates_imported_post":false,"_kad_post_transparent":"","_kad_post_title":"","_kad_post_layout":"","_kad_post_sidebar_id":"","_kad_post_content_style":"","_kad_post_vertical_padding":"","_kad_post_feature":"","_kad_post_feature_position":"","_kad_post_header":false,"_kad_post_footer":false,"_kad_post_classname":"","jetpack_post_was_ever_published":false,"_jetpack_newsletter_access":"","_jetpack_dont_email_post_to_subs":false,"_jetpack_newsletter_tier_id":0,"_jetpack_memberships_contains_paywalled_content":false,"_jetpack_memberships_contains_paid_content":false,"footnotes":""},"categories":[53],"tags":[291,49,112,50,147,52,73,719,643,103,249,402,647],"class_list":["post-36766","post","type-post","status-publish","format-standard","hentry","category-law","tag-291","tag-asylum-policy","tag-asylum-procedure","tag-asylum-seekers","tag-family-reunification","tag-french-language","tag-german-language","tag-refugee-law","tag-refugee-status","tag-refugees","tag-report","tag-temporary-admission","tag-ukrainians"],"jetpack_featured_media_url":"","jetpack_sharing_enabled":true,"_links":{"self":[{"href":"https:\/\/swissmig.unine.ch\/index.php?rest_route=\/wp\/v2\/posts\/36766","targetHints":{"allow":["GET"]}}],"collection":[{"href":"https:\/\/swissmig.unine.ch\/index.php?rest_route=\/wp\/v2\/posts"}],"about":[{"href":"https:\/\/swissmig.unine.ch\/index.php?rest_route=\/wp\/v2\/types\/post"}],"author":[{"embeddable":true,"href":"https:\/\/swissmig.unine.ch\/index.php?rest_route=\/wp\/v2\/users\/4"}],"replies":[{"embeddable":true,"href":"https:\/\/swissmig.unine.ch\/index.php?rest_route=%2Fwp%2Fv2%2Fcomments&post=36766"}],"version-history":[{"count":0,"href":"https:\/\/swissmig.unine.ch\/index.php?rest_route=\/wp\/v2\/posts\/36766\/revisions"}],"wp:attachment":[{"href":"https:\/\/swissmig.unine.ch\/index.php?rest_route=%2Fwp%2Fv2%2Fmedia&parent=36766"}],"wp:term":[{"taxonomy":"category","embeddable":true,"href":"https:\/\/swissmig.unine.ch\/index.php?rest_route=%2Fwp%2Fv2%2Fcategories&post=36766"},{"taxonomy":"post_tag","embeddable":true,"href":"https:\/\/swissmig.unine.ch\/index.php?rest_route=%2Fwp%2Fv2%2Ftags&post=36766"}],"curies":[{"name":"wp","href":"https:\/\/api.w.org\/{rel}","templated":true}]}}