{"id":36758,"date":"2024-08-26T08:00:00","date_gmt":"2024-08-26T07:00:00","guid":{"rendered":"https:\/\/swissmig.wordpress.com\/?p=36758"},"modified":"2024-08-26T08:00:00","modified_gmt":"2024-08-26T07:00:00","slug":"alteritat-interkulturalitat-und-migration-soziologische-reflexionen-zum-thema-deutsche-in-der-schweiz","status":"publish","type":"post","link":"https:\/\/swissmig.unine.ch\/?p=36758","title":{"rendered":"Alterit\u00e4t, Interkulturalit\u00e4t und Migration: Soziologische Reflexionen zum Thema \u203aDeutsche in der Schweiz"},"content":{"rendered":"\n<h3 class=\"wp-block-heading\">Author(s) : Dietmar J. Wetzel<\/h3>\n\n\n\n<h3 class=\"wp-block-heading\">Source : <a href=\"https:\/\/doi.org\/10.5771\/9783988580917-13\" target=\"_blank\" rel=\"noreferrer noopener\">https:\/\/doi.org\/10.5771\/9783988580917-13<\/a><\/h3>\n\n\n\n<p><strong>Abstract: <\/strong><\/p>\n\n\n\n<!--more-->\n\n\n\n<blockquote class=\"wp-block-quote is-layout-flow wp-block-quote-is-layout-flow\">\n<p>Ausgehend von einer kurzen, kritischen W\u00fcrdigung soziologischer Klassiker betrachte ich in meinem Beitrag den Themenkomplex \u00bbInterkulturalit\u00e4t und Migration\u00ab aus dem sozialtheoretischen Blickwinkel der Alterit\u00e4t und des Fremden in uns selbst. Damit wird gleichzeitig identit\u00e4tszentrierten Ans\u00e4tzen eine Absage erteilt. Dazu beziehe ich mich auf Beitr\u00e4ge des Philosophen Bernhard Waldenfels und pl\u00e4diere f\u00fcr eine genaue Erforschung der Sph\u00e4re des \u00bbDa-Zwischen\u00ab, und zwar im Sinne einer Begegnung respektive Auseinandersetzung zwischen Eigen- und Fremdkultur, wie es beispielsweise auch Mark Terkessidis in Interkultur als eine \u00bbKultur-im-Zwischen\u00ab verstanden wissen will. Die vorgestellten theoretischen \u00dcberlegungen konfrontiere ich mit einem empirischen Beispiel aus dem Bereich der (Arbeits-)Migration; genauer geht es dabei um die Situation der in den letzten Jahren eingewanderten Deutschen in der Schweiz, die scheinbar in eine Stimmung gegenseitigen Unbehagens gem\u00fcndet ist. Es bedarf einer differenzierten Erkl\u00e4rung, die eine sozio-\u00f6konomische von einer kulturellen und diese beiden wiederum von einer medialen Dimension unterscheidet. Anhand des empirischen Beispiels der Arbeitsmigration (\u203aDeutsche in der Schweiz\u2039) versuche ich die Bedeutsamkeit der Stereotype, Vorurteile, Klischees bei der gegenseitigen Wahrnehmung des Anderen zu problematisieren. Das von mir sozialtheoretisch beschriebene Ph\u00e4nomen \u203adoppelter Alterit\u00e4t\u2039 steht dabei dem Beharren auf Identit\u00e4t als Deutscher oder als (Deutsch-)Schweizer gegen\u00fcber. Diese wird besonders in Zeiten \u00f6konomisch-politischer Krisen von verschiedenen Seiten aktualisiert und instrumentalisiert. In puncto (Arbeits-)Migration deutet sich zunehmend, so meine These, eine von europ\u00e4ischen Staaten verfochtene Strategie an, die darin besteht, eine auf Optimierung zielende \u00bbMigration nach Ma\u00df\u00ab gegen eine ethisch-politisch zu verfechtende Position einer \u00bbunbedingten\u00ab Gastfreundschaft auszuspielen.<\/p>\n<\/blockquote>\n","protected":false},"excerpt":{"rendered":"<p>Author(s) : Dietmar J. Wetzel Source : https:\/\/doi.org\/10.5771\/9783988580917-13 Abstract:<\/p>\n","protected":false},"author":4,"featured_media":0,"comment_status":"open","ping_status":"open","sticky":false,"template":"","format":"standard","meta":{"_kadence_starter_templates_imported_post":false,"_kad_post_transparent":"","_kad_post_title":"","_kad_post_layout":"","_kad_post_sidebar_id":"","_kad_post_content_style":"","_kad_post_vertical_padding":"","_kad_post_feature":"","_kad_post_feature_position":"","_kad_post_header":false,"_kad_post_footer":false,"_kad_post_classname":"","jetpack_post_was_ever_published":false,"_jetpack_newsletter_access":"","_jetpack_dont_email_post_to_subs":false,"_jetpack_newsletter_tier_id":0,"_jetpack_memberships_contains_paywalled_content":false,"_jetpack_memberships_contains_paid_content":false,"footnotes":""},"categories":[167],"tags":[6,37,32,151,73,335,180,257],"class_list":["post-36758","post","type-post","status-publish","format-standard","hentry","category-ethnicity-languages-religion-arts","tag-6","tag-attitudes-towards-migrants","tag-book-chapter","tag-cultural-identity","tag-german-language","tag-germans","tag-multiculturalism","tag-stereotypes"],"jetpack_featured_media_url":"","jetpack_sharing_enabled":true,"_links":{"self":[{"href":"https:\/\/swissmig.unine.ch\/index.php?rest_route=\/wp\/v2\/posts\/36758","targetHints":{"allow":["GET"]}}],"collection":[{"href":"https:\/\/swissmig.unine.ch\/index.php?rest_route=\/wp\/v2\/posts"}],"about":[{"href":"https:\/\/swissmig.unine.ch\/index.php?rest_route=\/wp\/v2\/types\/post"}],"author":[{"embeddable":true,"href":"https:\/\/swissmig.unine.ch\/index.php?rest_route=\/wp\/v2\/users\/4"}],"replies":[{"embeddable":true,"href":"https:\/\/swissmig.unine.ch\/index.php?rest_route=%2Fwp%2Fv2%2Fcomments&post=36758"}],"version-history":[{"count":0,"href":"https:\/\/swissmig.unine.ch\/index.php?rest_route=\/wp\/v2\/posts\/36758\/revisions"}],"wp:attachment":[{"href":"https:\/\/swissmig.unine.ch\/index.php?rest_route=%2Fwp%2Fv2%2Fmedia&parent=36758"}],"wp:term":[{"taxonomy":"category","embeddable":true,"href":"https:\/\/swissmig.unine.ch\/index.php?rest_route=%2Fwp%2Fv2%2Fcategories&post=36758"},{"taxonomy":"post_tag","embeddable":true,"href":"https:\/\/swissmig.unine.ch\/index.php?rest_route=%2Fwp%2Fv2%2Ftags&post=36758"}],"curies":[{"name":"wp","href":"https:\/\/api.w.org\/{rel}","templated":true}]}}