{"id":36742,"date":"2024-08-26T08:00:00","date_gmt":"2024-08-26T07:00:00","guid":{"rendered":"https:\/\/swissmig.wordpress.com\/?p=36742"},"modified":"2024-08-26T08:00:00","modified_gmt":"2024-08-26T07:00:00","slug":"quand-le-statut-fait-la-peine-la-detention-des-personnes-etrangeres-en-suisse","status":"publish","type":"post","link":"https:\/\/swissmig.unine.ch\/?p=36742","title":{"rendered":"Quand le statut fait la peine : la d\u00e9tention des personnes \u00e9trang\u00e8res en Suisse"},"content":{"rendered":"<h3>Author(s) : Observatoire romand du droit d\u2019asile et des \u00e9tranger\u00b7\u00e8rexs (ODAE)<\/h3>\n<h3>Source : <a href=\"https:\/\/odae-romand.ch\/wp\/wp-content\/uploads\/2024\/03\/Panorama-web_05.12.2023-1.pdf\" target=\"_blank\" rel=\"noopener\">https:\/\/odae-romand.ch\/wp\/wp-content\/uploads\/2024\/03\/Panorama-web_05.12.2023-1.pdf<\/a><\/h3>\n<p><strong>Abstract: <\/strong><!--more--><\/p>\n<blockquote>\n<blockquote><p>&#8211; Quand le statut fait la peine : la d\u00e9tention des personnes \u00e9trang\u00e8res en Suisse, Megane Lederrey, Aude Martenot, Elisa Turtschi, p. 3<\/p><\/blockquote>\n<blockquote><p>&#8211; Tournant punitif contre les pauvres et \u00ab encampement \u00bb des migrant\u00b7exs : deux facettes de la gestion des exclu\u00b7exs \u00e0 l\u2019\u00e9chelle internationale, Julie de Dardel, p. 4<\/p><\/blockquote>\n<blockquote><p>&#8211; Surrepr\u00e9sentation des \u00e9trangers dans les prisons suisses : Luca Gnaedinger pointe la croissante d\u00e9l\u00e9gation de la \u00ab gestion de l\u2019immigration \u00bb au syst\u00e8me p\u00e9nal, Elisa Turtschi, p. 5<\/p><\/blockquote>\n<blockquote><p>&#8211; D\u00e9tenir pour renvoyer : des pratiques cantonales variables, Jonathan Miaz, p. 6<\/p><\/blockquote>\n<blockquote><p>&#8211; La Ligue Suisse des Droits Humains &#8211; Gen\u00e8ve : mission et champ d\u2019action, Cathy Day, p. 8<\/p><\/blockquote>\n<blockquote><p>&#8211; Zones grises de la justice, Elisa Turtschi, p. 10<\/p><\/blockquote>\n<blockquote><p>&#8211; Un aper\u00e7u de l\u2019\u00e9tablissement de d\u00e9tention de Frambois, Aude Martenot et Elisa Turtschi, p. 13<\/p><\/blockquote>\n<\/blockquote>\n","protected":false},"excerpt":{"rendered":"<p>Author(s) : Observatoire romand du droit d\u2019asile et des \u00e9tranger\u00b7\u00e8rexs&#8230;<\/p>\n","protected":false},"author":4,"featured_media":0,"comment_status":"open","ping_status":"open","sticky":false,"template":"","format":"standard","meta":{"_kadence_starter_templates_imported_post":false,"_kad_post_transparent":"","_kad_post_title":"","_kad_post_layout":"","_kad_post_sidebar_id":"","_kad_post_content_style":"","_kad_post_vertical_padding":"","_kad_post_feature":"","_kad_post_feature_position":"","_kad_post_header":false,"_kad_post_footer":false,"_kad_post_classname":"","jetpack_post_was_ever_published":false,"_jetpack_newsletter_access":"","_jetpack_dont_email_post_to_subs":false,"_jetpack_newsletter_tier_id":0,"_jetpack_memberships_contains_paywalled_content":false,"_jetpack_memberships_contains_paid_content":false,"footnotes":""},"categories":[12],"tags":[739,111,49,50,307,77,328,52,341,271,133,88,303,356,445,103,249],"class_list":["post-36742","post","type-post","status-publish","format-standard","hentry","category-politics","tag-739","tag-asylum-applications","tag-asylum-policy","tag-asylum-seekers","tag-civil-and-political-rights","tag-education-policy","tag-expulsion","tag-french-language","tag-geneva","tag-human-rights-violations","tag-immigrant-policy","tag-intercultural-relations","tag-legal-aspects","tag-migratory-status","tag-prisons","tag-refugees","tag-report"],"jetpack_featured_media_url":"","jetpack_sharing_enabled":true,"_links":{"self":[{"href":"https:\/\/swissmig.unine.ch\/index.php?rest_route=\/wp\/v2\/posts\/36742","targetHints":{"allow":["GET"]}}],"collection":[{"href":"https:\/\/swissmig.unine.ch\/index.php?rest_route=\/wp\/v2\/posts"}],"about":[{"href":"https:\/\/swissmig.unine.ch\/index.php?rest_route=\/wp\/v2\/types\/post"}],"author":[{"embeddable":true,"href":"https:\/\/swissmig.unine.ch\/index.php?rest_route=\/wp\/v2\/users\/4"}],"replies":[{"embeddable":true,"href":"https:\/\/swissmig.unine.ch\/index.php?rest_route=%2Fwp%2Fv2%2Fcomments&post=36742"}],"version-history":[{"count":0,"href":"https:\/\/swissmig.unine.ch\/index.php?rest_route=\/wp\/v2\/posts\/36742\/revisions"}],"wp:attachment":[{"href":"https:\/\/swissmig.unine.ch\/index.php?rest_route=%2Fwp%2Fv2%2Fmedia&parent=36742"}],"wp:term":[{"taxonomy":"category","embeddable":true,"href":"https:\/\/swissmig.unine.ch\/index.php?rest_route=%2Fwp%2Fv2%2Fcategories&post=36742"},{"taxonomy":"post_tag","embeddable":true,"href":"https:\/\/swissmig.unine.ch\/index.php?rest_route=%2Fwp%2Fv2%2Ftags&post=36742"}],"curies":[{"name":"wp","href":"https:\/\/api.w.org\/{rel}","templated":true}]}}