{"id":36729,"date":"2024-08-19T08:00:00","date_gmt":"2024-08-19T07:00:00","guid":{"rendered":"https:\/\/swissmig.wordpress.com\/?p=36729"},"modified":"2024-08-19T08:00:00","modified_gmt":"2024-08-19T07:00:00","slug":"accompagner-lintegration-des-eleves-refugie-e-s-et-de-leurs-parents-a-lecole-analyse-du-developpement-du-dispositif-ais-scolaire","status":"publish","type":"post","link":"https:\/\/swissmig.unine.ch\/?p=36729","title":{"rendered":"Accompagner l\u2019int\u00e9gration des \u00e9l\u00e8ves r\u00e9fugi\u00e9.e.s et de leurs parents \u00e0 l\u2019\u00e9cole : analyse du d\u00e9veloppement du dispositif AIS-Scolaire"},"content":{"rendered":"<h3>Author(s) : Myriam Radhouane<\/h3>\n<h3>Source : <a href=\"https:\/\/doi.org\/10.1522\/rhe.v8i2.1569\" target=\"_blank\" rel=\"noopener\">https:\/\/doi.org\/10.1522\/rhe.v8i2.1569<\/a><\/h3>\n<p><strong>Abstract: <\/strong><!--more--><\/p>\n<blockquote><p>&#8220;Aujourd\u2019hui, les questions relatives \u00e0 la scolarisation des \u00e9l\u00e8ves r\u00e9fugi\u00e9.e.s prennent de plus en plus d\u2019ampleur et s\u2019av\u00e8rent particuli\u00e8rement complexes. S\u2019emparant de ces enjeux, le canton de Gen\u00e8ve a d\u00e9velopp\u00e9 le dispositif AIS-Scolaire visant \u00e0 soutenir l\u2019int\u00e9gration des \u00e9l\u00e8ves r\u00e9fugi\u00e9.e.s et de leur famille gr\u00e2ce \u00e0 la pr\u00e9sence d\u2019accompagnatrices scolaires, \u0153uvrant comme l\u2019un des maillons cl\u00e9s de l\u2019int\u00e9gration, notamment gr\u00e2ce \u00e0 leur maitrise de la langue maternelle des b\u00e9n\u00e9ficiaires du projet. Cet article rend compte des r\u00e9sultats d\u2019une recherche portant sur le d\u00e9veloppement du dispositif, sur son fonctionnement et ses potentielles retomb\u00e9es.&#8221;<\/p>\n<p><strong>Mots-cl\u00e9s<\/strong> : r\u00e9fugi\u00e9.e.s, migration forc\u00e9e, int\u00e9gration, relation famille-\u00e9cole<\/p><\/blockquote>\n","protected":false},"excerpt":{"rendered":"<p>Author(s) : Myriam Radhouane Source : https:\/\/doi.org\/10.1522\/rhe.v8i2.1569 Abstract:<\/p>\n","protected":false},"author":4,"featured_media":0,"comment_status":"open","ping_status":"open","sticky":false,"template":"","format":"standard","meta":{"_kadence_starter_templates_imported_post":false,"_kad_post_transparent":"","_kad_post_title":"","_kad_post_layout":"","_kad_post_sidebar_id":"","_kad_post_content_style":"","_kad_post_vertical_padding":"","_kad_post_feature":"","_kad_post_feature_position":"","_kad_post_header":false,"_kad_post_footer":false,"_kad_post_classname":"","jetpack_post_was_ever_published":false,"_jetpack_newsletter_access":"","_jetpack_dont_email_post_to_subs":false,"_jetpack_newsletter_tier_id":0,"_jetpack_memberships_contains_paywalled_content":false,"_jetpack_memberships_contains_paid_content":false,"footnotes":""},"categories":[61],"tags":[291,407,7,318,173,77,21,52,341,88,161,325,103,327,117,340,290,118],"class_list":["post-36729","post","type-post","status-publish","format-standard","hentry","category-education","tag-291","tag-access-to-education","tag-article","tag-children","tag-cross-cultural-communication","tag-education-policy","tag-family","tag-french-language","tag-geneva","tag-intercultural-relations","tag-language-education","tag-methodology","tag-refugees","tag-research","tag-school-integration","tag-social-support","tag-students","tag-youth"],"jetpack_featured_media_url":"","jetpack_sharing_enabled":true,"_links":{"self":[{"href":"https:\/\/swissmig.unine.ch\/index.php?rest_route=\/wp\/v2\/posts\/36729","targetHints":{"allow":["GET"]}}],"collection":[{"href":"https:\/\/swissmig.unine.ch\/index.php?rest_route=\/wp\/v2\/posts"}],"about":[{"href":"https:\/\/swissmig.unine.ch\/index.php?rest_route=\/wp\/v2\/types\/post"}],"author":[{"embeddable":true,"href":"https:\/\/swissmig.unine.ch\/index.php?rest_route=\/wp\/v2\/users\/4"}],"replies":[{"embeddable":true,"href":"https:\/\/swissmig.unine.ch\/index.php?rest_route=%2Fwp%2Fv2%2Fcomments&post=36729"}],"version-history":[{"count":0,"href":"https:\/\/swissmig.unine.ch\/index.php?rest_route=\/wp\/v2\/posts\/36729\/revisions"}],"wp:attachment":[{"href":"https:\/\/swissmig.unine.ch\/index.php?rest_route=%2Fwp%2Fv2%2Fmedia&parent=36729"}],"wp:term":[{"taxonomy":"category","embeddable":true,"href":"https:\/\/swissmig.unine.ch\/index.php?rest_route=%2Fwp%2Fv2%2Fcategories&post=36729"},{"taxonomy":"post_tag","embeddable":true,"href":"https:\/\/swissmig.unine.ch\/index.php?rest_route=%2Fwp%2Fv2%2Ftags&post=36729"}],"curies":[{"name":"wp","href":"https:\/\/api.w.org\/{rel}","templated":true}]}}