{"id":36725,"date":"2024-08-12T08:00:00","date_gmt":"2024-08-12T07:00:00","guid":{"rendered":"https:\/\/swissmig.wordpress.com\/?p=36725"},"modified":"2024-08-12T08:00:00","modified_gmt":"2024-08-12T07:00:00","slug":"everyday-gendered-racism-injunctions-to-assimilate-in-the-lives-of-veiled-muslim-women-in-france-and-switzerland","status":"publish","type":"post","link":"https:\/\/swissmig.unine.ch\/?p=36725","title":{"rendered":"Everyday Gendered Racism: Injunctions to Assimilate in the Lives of Veiled Muslim Women in France and Switzerland"},"content":{"rendered":"\n<h3 class=\"wp-block-heading\">Author(s) : S\u00e9lima Keba\u00efli, El\u00e9onore L\u00e9pinard<\/h3>\n\n\n\n<h3 class=\"wp-block-heading\">Source : <a href=\"https:\/\/pomeps.org\/everyday-gendered-racism-injunctions-to-assimilate-in-the-lives-of-veiled-muslim-women-in-france-and-switzerland\" target=\"_blank\" rel=\"noreferrer noopener\">https:\/\/pomeps.org\/everyday-gendered-racism-injunctions-to-assimilate-in-the-lives-of-veiled-muslim-women-in-france-and-switzerland<\/a><\/h3>\n\n\n\n<p><strong>Abstract<\/strong> N\/A<\/p>\n","protected":false},"excerpt":{"rendered":"<p>Author(s) : S\u00e9lima Keba\u00efli, El\u00e9onore L\u00e9pinard Source : https:\/\/pomeps.org\/everyday-gendered-racism-injunctions-to-assimilate-in-the-lives-of-veiled-muslim-women-in-france-and-switzerland Abstract&#8230;<\/p>\n","protected":false},"author":4,"featured_media":0,"comment_status":"open","ping_status":"open","sticky":false,"template":"","format":"standard","meta":{"_kadence_starter_templates_imported_post":false,"_kad_post_transparent":"","_kad_post_title":"","_kad_post_layout":"","_kad_post_sidebar_id":"","_kad_post_content_style":"","_kad_post_vertical_padding":"","_kad_post_feature":"","_kad_post_feature_position":"","_kad_post_header":false,"_kad_post_footer":false,"_kad_post_classname":"","jetpack_post_was_ever_published":false,"_jetpack_newsletter_access":"","_jetpack_dont_email_post_to_subs":false,"_jetpack_newsletter_tier_id":0,"_jetpack_memberships_contains_paywalled_content":false,"_jetpack_memberships_contains_paid_content":false,"footnotes":""},"categories":[24],"tags":[291,595,514,9,82,197,148,774,223,566,116,334,168,201],"class_list":["post-36725","post","type-post","status-publish","format-standard","hentry","category-society-family-racism","tag-291","tag-assimilation","tag-blog-article","tag-english-language","tag-ethnic-discrimination","tag-france","tag-gender","tag-hidjab","tag-islam","tag-islamophobia","tag-muslims","tag-racism","tag-religious-practice","tag-women"],"jetpack_featured_media_url":"","jetpack_sharing_enabled":true,"_links":{"self":[{"href":"https:\/\/swissmig.unine.ch\/index.php?rest_route=\/wp\/v2\/posts\/36725","targetHints":{"allow":["GET"]}}],"collection":[{"href":"https:\/\/swissmig.unine.ch\/index.php?rest_route=\/wp\/v2\/posts"}],"about":[{"href":"https:\/\/swissmig.unine.ch\/index.php?rest_route=\/wp\/v2\/types\/post"}],"author":[{"embeddable":true,"href":"https:\/\/swissmig.unine.ch\/index.php?rest_route=\/wp\/v2\/users\/4"}],"replies":[{"embeddable":true,"href":"https:\/\/swissmig.unine.ch\/index.php?rest_route=%2Fwp%2Fv2%2Fcomments&post=36725"}],"version-history":[{"count":0,"href":"https:\/\/swissmig.unine.ch\/index.php?rest_route=\/wp\/v2\/posts\/36725\/revisions"}],"wp:attachment":[{"href":"https:\/\/swissmig.unine.ch\/index.php?rest_route=%2Fwp%2Fv2%2Fmedia&parent=36725"}],"wp:term":[{"taxonomy":"category","embeddable":true,"href":"https:\/\/swissmig.unine.ch\/index.php?rest_route=%2Fwp%2Fv2%2Fcategories&post=36725"},{"taxonomy":"post_tag","embeddable":true,"href":"https:\/\/swissmig.unine.ch\/index.php?rest_route=%2Fwp%2Fv2%2Ftags&post=36725"}],"curies":[{"name":"wp","href":"https:\/\/api.w.org\/{rel}","templated":true}]}}