{"id":36689,"date":"2024-08-05T08:00:00","date_gmt":"2024-08-05T07:00:00","guid":{"rendered":"https:\/\/swissmig.wordpress.com\/?p=36689"},"modified":"2024-08-05T08:00:00","modified_gmt":"2024-08-05T07:00:00","slug":"patients-migrants-en-situation-de-sejour-illegal-souffrant-de-troubles-neurologiques-quel-accompagnement","status":"publish","type":"post","link":"https:\/\/swissmig.unine.ch\/?p=36689","title":{"rendered":"Patients migrants en situation de s\u00e9jour ill\u00e9gal souffrant de troubles neurologiques : quel accompagnement?"},"content":{"rendered":"\n<h3 class=\"wp-block-heading\">Author(s) : Freskim Lubishtani<\/h3>\n\n\n\n<h3 class=\"wp-block-heading\">Source : <a href=\"https:\/\/sonar.rero.ch\/global\/documents\/328388\" target=\"_blank\" rel=\"noreferrer noopener\">https:\/\/sonar.rero.ch\/global\/documents\/328388<\/a><\/h3>\n\n\n\n<p><strong>Abstract: <\/strong><\/p>\n\n\n\n<!--more-->\n\n\n\n<blockquote class=\"wp-block-quote is-layout-flow wp-block-quote-is-layout-flow\">\n<p>L&#8217;objectif de mon travail de Master (TM) est de mettre en lumi\u00e8re les d\u00e9fis sociaux auxquels font face les migrants sans statut l\u00e9gal souffrant de troubles neurologiques. Il se focalise sur l&#8217;accompagnement fourni par les travailleurs sociaux ainsi que sur l&#8217;ensemble du r\u00e9seau m\u00e9dical et social. Bassetti et al. mettent en \u00e9vidence l\u2019importance de prioriser la sant\u00e9 c\u00e9r\u00e9brale dans nos politiques sanitaire. Cet organe humain joue un r\u00f4le indispensable dans tous les aspects de la vie au quotidien. En Suisse, une personne sur trois serait atteinte par une ou des maladies neurologiques. Elles sont d\u2019ailleurs l\u2019une des trois causes de d\u00e9c\u00e8s, d\u2019invalidit\u00e9 et ont pour cons\u00e9quence des co\u00fbts de sant\u00e9 tr\u00e8s \u00e9lev\u00e9s.<br>Ce travail de recherche r\u00e9sulte de cinq entretiens semi-directifs men\u00e9s avec des assistants sociaux qui interagissent r\u00e9guli\u00e8rement avec la population cibl\u00e9e. De plus, deux entretiens semi-directifs ont \u00e9t\u00e9 conduits avec des personnes migrantes confront\u00e9es \u00e0 des probl\u00e8mes neurologiques et d\u00e9pourvues de permis de s\u00e9jour. Une observation a \u00e9galement \u00e9t\u00e9 effectu\u00e9e dans un centre d&#8217;h\u00e9bergement collectif pour migrants poss\u00e9dant des chambres pour les individus \u00e0 mobilit\u00e9 r\u00e9duite. L&#8217;analyse pr\u00e9sent\u00e9e dans ce travail repose sur la combinaison de donn\u00e9es empiriques collect\u00e9es sur le terrain et d&#8217;une recherche approfondie de la litt\u00e9rature pertinente li\u00e9e \u00e0 ma th\u00e9matique.<\/p>\n<\/blockquote>\n","protected":false},"excerpt":{"rendered":"<p>Author(s) : Freskim Lubishtani Source : https:\/\/sonar.rero.ch\/global\/documents\/328388 Abstract:<\/p>\n","protected":false},"author":4,"featured_media":0,"comment_status":"open","ping_status":"open","sticky":false,"template":"","format":"standard","meta":{"_kadence_starter_templates_imported_post":false,"_kad_post_transparent":"","_kad_post_title":"","_kad_post_layout":"","_kad_post_sidebar_id":"","_kad_post_content_style":"","_kad_post_vertical_padding":"","_kad_post_feature":"","_kad_post_feature_position":"","_kad_post_header":false,"_kad_post_footer":false,"_kad_post_classname":"","jetpack_post_was_ever_published":false,"_jetpack_newsletter_access":"","_jetpack_dont_email_post_to_subs":false,"_jetpack_newsletter_tier_id":0,"_jetpack_memberships_contains_paywalled_content":false,"_jetpack_memberships_contains_paid_content":false,"footnotes":""},"categories":[59],"tags":[291,556,762,52,157,350,294,319,185,339,177,340,401,262],"class_list":["post-36689","post","type-post","status-publish","format-standard","hentry","category-health","tag-291","tag-access-to-health-care","tag-access-to-mental-health-care","tag-french-language","tag-health-care","tag-health-inequalities","tag-irregular-migration","tag-master-thesis","tag-mental-health","tag-psychological-problems","tag-psychological-well-being","tag-social-support","tag-social-workers","tag-undocumented-immigrants"],"jetpack_featured_media_url":"","jetpack_sharing_enabled":true,"_links":{"self":[{"href":"https:\/\/swissmig.unine.ch\/index.php?rest_route=\/wp\/v2\/posts\/36689","targetHints":{"allow":["GET"]}}],"collection":[{"href":"https:\/\/swissmig.unine.ch\/index.php?rest_route=\/wp\/v2\/posts"}],"about":[{"href":"https:\/\/swissmig.unine.ch\/index.php?rest_route=\/wp\/v2\/types\/post"}],"author":[{"embeddable":true,"href":"https:\/\/swissmig.unine.ch\/index.php?rest_route=\/wp\/v2\/users\/4"}],"replies":[{"embeddable":true,"href":"https:\/\/swissmig.unine.ch\/index.php?rest_route=%2Fwp%2Fv2%2Fcomments&post=36689"}],"version-history":[{"count":0,"href":"https:\/\/swissmig.unine.ch\/index.php?rest_route=\/wp\/v2\/posts\/36689\/revisions"}],"wp:attachment":[{"href":"https:\/\/swissmig.unine.ch\/index.php?rest_route=%2Fwp%2Fv2%2Fmedia&parent=36689"}],"wp:term":[{"taxonomy":"category","embeddable":true,"href":"https:\/\/swissmig.unine.ch\/index.php?rest_route=%2Fwp%2Fv2%2Fcategories&post=36689"},{"taxonomy":"post_tag","embeddable":true,"href":"https:\/\/swissmig.unine.ch\/index.php?rest_route=%2Fwp%2Fv2%2Ftags&post=36689"}],"curies":[{"name":"wp","href":"https:\/\/api.w.org\/{rel}","templated":true}]}}