{"id":36668,"date":"2024-07-29T08:00:00","date_gmt":"2024-07-29T07:00:00","guid":{"rendered":"https:\/\/swissmig.wordpress.com\/?p=36668"},"modified":"2024-07-29T08:00:00","modified_gmt":"2024-07-29T07:00:00","slug":"koloniales-erbe-der-schweiz-la-suisse-et-ses-heritages-coloniaux-la-svizzera-e-i-suoi-retaggi-coloniali","status":"publish","type":"post","link":"https:\/\/swissmig.unine.ch\/?p=36668","title":{"rendered":"Koloniales Erbe der Schweiz \/ La Suisse et ses h\u00e9ritages coloniaux \/ La Svizzera e i suoi retaggi coloniali"},"content":{"rendered":"<h3>Author(s) : EKR \/ CFR<\/h3>\n<h3>Source : <a href=\"https:\/\/www.ekr.admin.ch\/pdf\/TANGRAM_47.pdf\" target=\"_blank\" rel=\"noopener\">https:\/\/www.ekr.admin.ch\/pdf\/TANGRAM_47.pdf<\/a><\/h3>\n<p><strong>Abstract: <\/strong><!--more--><\/p>\n<blockquote><p>&#8220;Diese 47. Ausgabe von Tangram befasst sich mit dem kolonialen Erbe der Schweiz, einem sensiblen, aber wichtigen Thema, will man bestimmte Aspekte im Zusammenhang mit Rassismus und rassistischer Diskriminierung in unserem Land verstehen. Das Thema ist schwierig und vielschichtig: Obwohl die Schweiz nie eigene Kolonien besass, haben einige ihrer \u2013 mitunter prominenten \u2013 Staatsangeh\u00f6rigen aus wirtschaftlichen Aktivit\u00e4ten, die auf Kolonialismus und Sklaverei basierten, betr\u00e4chtliche Ressourcen gezogen und Verm\u00f6gen begr\u00fcndet. Auch die Schweiz als Staat tr\u00e4gt Verantwortung: Die Eidgenossenschaft hat vom Kolonialismus profitiert, wie mehrere Artikel in dieser Nummer zeigen.&#8221;<\/p>\n<p>&#8220;Ce num\u00e9ro 47 de Tangram aborde une question sensible, mais importante si l\u2019on veut comprendre certains aspects li\u00e9s au racisme et \u00e0 la discrimination raciale en Suisse, celle de l\u2019h\u00e9ritage du colonialisme dans notre pays. Le sujet est difficile et complexe, car si la Suisse n\u2019a<br \/>\njamais \u00e9t\u00e9 un \u00c9tat colonial, certains de ses ressortissants, parfois \u00e9minents, ont fond\u00e9 leur fortune et tir\u00e9 des ressources importantes d\u2019activit\u00e9s \u00e9conomiques fond\u00e9es sur le colonialisme et l\u2019esclavage. La responsabilit\u00e9 de la Suisse en tant qu\u2019\u00c9tat est \u00e9galement engag\u00e9e : la Conf\u00e9d\u00e9ration a tir\u00e9 profit du colonialisme, comme le rel\u00e8vent plusieurs articles.&#8221;<\/p>\n<p>&#8220;Questo numero di Tangram affronta un argomento tanto delicato quanto importante per capire alcuni aspetti del razzismo e della discriminazione razziale in Svizzera: l\u2019eredit\u00e0 coloniale nel nostro Paese. Si tratta di un argomento difficile e complesso, poich\u00e9 sebbene la Svizzera non abbia mai posseduto colonie, alcuni suoi cittadini, anche eminenti, hanno fatto fortuna accumulando ingenti ricchezze con attivit\u00e0 economiche basate sul colonialismo e la schiavit\u00f9. Ma<br \/>\nneppure la Svizzera, come Stato, \u00e8 senza responsabilit\u00e0: come mostrano numerosi articoli, la Confederazione ha anch\u2019essa tratto vantaggio dal colonialismo.&#8221;<\/p><\/blockquote>\n","protected":false},"excerpt":{"rendered":"<p>Author(s) : EKR \/ CFR Source : https:\/\/www.ekr.admin.ch\/pdf\/TANGRAM_47.pdf Abstract:<\/p>\n","protected":false},"author":4,"featured_media":0,"comment_status":"open","ping_status":"open","sticky":false,"template":"","format":"standard","meta":{"_kadence_starter_templates_imported_post":false,"_kad_post_transparent":"","_kad_post_title":"","_kad_post_layout":"","_kad_post_sidebar_id":"","_kad_post_content_style":"","_kad_post_vertical_padding":"","_kad_post_feature":"","_kad_post_feature_position":"","_kad_post_header":false,"_kad_post_footer":false,"_kad_post_classname":"","jetpack_post_was_ever_published":false,"_jetpack_newsletter_access":"","_jetpack_dont_email_post_to_subs":false,"_jetpack_newsletter_tier_id":0,"_jetpack_memberships_contains_paywalled_content":false,"_jetpack_memberships_contains_paid_content":false,"footnotes":""},"categories":[35],"tags":[739,37,545,196,82,52,73,302,17,461,736,334,249,718,278,376],"class_list":["post-36668","post","type-post","status-publish","format-standard","hentry","category-history","tag-739","tag-attitudes-towards-migrants","tag-colonialism","tag-economics","tag-ethnic-discrimination","tag-french-language","tag-german-language","tag-governance","tag-immigrants","tag-italian-language","tag-narratives","tag-racism","tag-report","tag-slavery","tag-social-class","tag-urban-areas"],"jetpack_featured_media_url":"","jetpack_sharing_enabled":true,"_links":{"self":[{"href":"https:\/\/swissmig.unine.ch\/index.php?rest_route=\/wp\/v2\/posts\/36668","targetHints":{"allow":["GET"]}}],"collection":[{"href":"https:\/\/swissmig.unine.ch\/index.php?rest_route=\/wp\/v2\/posts"}],"about":[{"href":"https:\/\/swissmig.unine.ch\/index.php?rest_route=\/wp\/v2\/types\/post"}],"author":[{"embeddable":true,"href":"https:\/\/swissmig.unine.ch\/index.php?rest_route=\/wp\/v2\/users\/4"}],"replies":[{"embeddable":true,"href":"https:\/\/swissmig.unine.ch\/index.php?rest_route=%2Fwp%2Fv2%2Fcomments&post=36668"}],"version-history":[{"count":0,"href":"https:\/\/swissmig.unine.ch\/index.php?rest_route=\/wp\/v2\/posts\/36668\/revisions"}],"wp:attachment":[{"href":"https:\/\/swissmig.unine.ch\/index.php?rest_route=%2Fwp%2Fv2%2Fmedia&parent=36668"}],"wp:term":[{"taxonomy":"category","embeddable":true,"href":"https:\/\/swissmig.unine.ch\/index.php?rest_route=%2Fwp%2Fv2%2Fcategories&post=36668"},{"taxonomy":"post_tag","embeddable":true,"href":"https:\/\/swissmig.unine.ch\/index.php?rest_route=%2Fwp%2Fv2%2Ftags&post=36668"}],"curies":[{"name":"wp","href":"https:\/\/api.w.org\/{rel}","templated":true}]}}