{"id":36657,"date":"2024-07-01T08:00:00","date_gmt":"2024-07-01T07:00:00","guid":{"rendered":"https:\/\/swissmig.wordpress.com\/?p=36657"},"modified":"2024-07-01T08:00:00","modified_gmt":"2024-07-01T07:00:00","slug":"le-premier-mai-les-emigres-et-les-refugies-en-suisse-1890-1914","status":"publish","type":"post","link":"https:\/\/swissmig.unine.ch\/?p=36657","title":{"rendered":"Le Premier Mai, les \u00e9migr\u00e9s et les r\u00e9fugi\u00e9s en Suisse (1890-1914)"},"content":{"rendered":"<h3>Author(s) : Marc Vuilleumier<\/h3>\n<h3>Source : <a href=\"https:\/\/doi.org\/10.5169\/seals-520191\" target=\"_blank\" rel=\"noopener\">https:\/\/doi.org\/10.5169\/seals-520191<\/a><\/h3>\n<p><strong>Abstract: <\/strong><!--more--><\/p>\n<blockquote><p>&#8220;En avril 1942, au plus fort de la Seconde Guerre mondiale, dans une Suisse demeur\u00e9e \u00e0 l&#8217;abri des hostilit\u00e9s, certains se demandaient s&#8217;il fallait continuer \u00e0 c\u00e9l\u00e9brer le Premier Mai. Les circonstances n&#8217;incitaient gu\u00e8re \u00e0 le faire et, au cours des ann\u00e9es pr\u00e9c\u00e9dentes, avant m\u00eame<br \/>\nle d\u00e9clenchement du conflit, la journ\u00e9e des travailleurs avait bien perdu de son \u00e9clat. C&#8217;est ce que relevait le journal de la F\u00e9d\u00e9ration des ouvriers du bois et du b\u00e2timent qui ajoutait: \u00ab Les causes de ce refroidissement [&#8230;] remontent aux ann\u00e9es 1915-1916, au d\u00e9part du grand nombre d&#8217;ouvriers \u00e9trangers (Italiens notamment) auxquels nous devons en partie les succ\u00e8s de nos aspirations, il faut le reconna\u00eetre franchement \u00bb.&#8221;<\/p><\/blockquote>\n","protected":false},"excerpt":{"rendered":"<p>Author(s) : Marc Vuilleumier Source : https:\/\/doi.org\/10.5169\/seals-520191 Abstract:<\/p>\n","protected":false},"author":4,"featured_media":0,"comment_status":"open","ping_status":"open","sticky":false,"template":"","format":"standard","meta":{"_kadence_starter_templates_imported_post":false,"_kad_post_transparent":"","_kad_post_title":"","_kad_post_layout":"","_kad_post_sidebar_id":"","_kad_post_content_style":"","_kad_post_vertical_padding":"","_kad_post_feature":"","_kad_post_feature_position":"","_kad_post_header":false,"_kad_post_footer":false,"_kad_post_classname":"","jetpack_post_was_ever_published":false,"_jetpack_newsletter_access":"","_jetpack_dont_email_post_to_subs":true,"_jetpack_newsletter_tier_id":0,"_jetpack_memberships_contains_paywalled_content":false,"_jetpack_memberships_contains_paid_content":false,"footnotes":""},"categories":[35],"tags":[31,7,15,28,52,17,175,124,278,347,676,677,384,158],"class_list":["post-36657","post","type-post","status-publish","format-standard","hentry","category-history","tag-31","tag-article","tag-economic-impact","tag-foreigners","tag-french-language","tag-immigrants","tag-italians","tag-protest-movements","tag-social-class","tag-testimonies","tag-trade-unions","tag-war","tag-workers","tag-working-conditions"],"jetpack_featured_media_url":"","jetpack_sharing_enabled":true,"_links":{"self":[{"href":"https:\/\/swissmig.unine.ch\/index.php?rest_route=\/wp\/v2\/posts\/36657","targetHints":{"allow":["GET"]}}],"collection":[{"href":"https:\/\/swissmig.unine.ch\/index.php?rest_route=\/wp\/v2\/posts"}],"about":[{"href":"https:\/\/swissmig.unine.ch\/index.php?rest_route=\/wp\/v2\/types\/post"}],"author":[{"embeddable":true,"href":"https:\/\/swissmig.unine.ch\/index.php?rest_route=\/wp\/v2\/users\/4"}],"replies":[{"embeddable":true,"href":"https:\/\/swissmig.unine.ch\/index.php?rest_route=%2Fwp%2Fv2%2Fcomments&post=36657"}],"version-history":[{"count":0,"href":"https:\/\/swissmig.unine.ch\/index.php?rest_route=\/wp\/v2\/posts\/36657\/revisions"}],"wp:attachment":[{"href":"https:\/\/swissmig.unine.ch\/index.php?rest_route=%2Fwp%2Fv2%2Fmedia&parent=36657"}],"wp:term":[{"taxonomy":"category","embeddable":true,"href":"https:\/\/swissmig.unine.ch\/index.php?rest_route=%2Fwp%2Fv2%2Fcategories&post=36657"},{"taxonomy":"post_tag","embeddable":true,"href":"https:\/\/swissmig.unine.ch\/index.php?rest_route=%2Fwp%2Fv2%2Ftags&post=36657"}],"curies":[{"name":"wp","href":"https:\/\/api.w.org\/{rel}","templated":true}]}}