{"id":36645,"date":"2024-07-15T08:00:00","date_gmt":"2024-07-15T07:00:00","guid":{"rendered":"https:\/\/swissmig.wordpress.com\/?p=36645"},"modified":"2024-07-15T08:00:00","modified_gmt":"2024-07-15T07:00:00","slug":"de-la-tolerance-a-lostracisme-la-politique-des-etats-confederes-envers-les-juifs-1750-1798","status":"publish","type":"post","link":"https:\/\/swissmig.unine.ch\/?p=36645","title":{"rendered":"De la tol\u00e9rance \u00e0 l&#8217;ostracisme: la politique des \u00c9tats conf\u00e9d\u00e9r\u00e9s envers les Juifs, 1750-1798"},"content":{"rendered":"<h3>Author(s) : Anne Radeff, Uri R. Kaufmann<\/h3>\n<h3>Source : <a href=\"https:\/\/doi.org\/10.5169\/seals-86228\" target=\"_blank\" rel=\"noopener\">https:\/\/doi.org\/10.5169\/seals-86228<\/a><\/h3>\n<p><strong>Abstract: <\/strong><!--more--><\/p>\n<blockquote><p>&#8220;Nous traiterons ici de la politique \u00e0 l\u2019\u00e9gard des Juifs pendant la seconde moitie du 18e si\u00e8cle en Suisse en g\u00e9n\u00e9ral et, de mani\u00e8re plus d\u00e9taill\u00e9e, dans l&#8217;ancien \u00c9tat de Berne. Nous formulerons quelques hypoth\u00e8ses explicatives, que nous tenterons de mettre en rapport avec l&#8217;histoire des villages juifs de Suisse et des environs d&#8217;une part, la conjoncture \u00e9conomique de la seconde moiti\u00e9 du 18e si\u00e8cle d&#8217;autre part.&#8221;<\/p><\/blockquote>\n","protected":false},"excerpt":{"rendered":"<p>Author(s) : Anne Radeff, Uri R. Kaufmann Source : https:\/\/doi.org\/10.5169\/seals-86228&#8230;<\/p>\n","protected":false},"author":4,"featured_media":0,"comment_status":"open","ping_status":"open","sticky":false,"template":"","format":"standard","meta":{"_kadence_starter_templates_imported_post":false,"_kad_post_transparent":"","_kad_post_title":"","_kad_post_layout":"","_kad_post_sidebar_id":"","_kad_post_content_style":"","_kad_post_vertical_padding":"","_kad_post_feature":"","_kad_post_feature_position":"","_kad_post_header":false,"_kad_post_footer":false,"_kad_post_classname":"","jetpack_post_was_ever_published":false,"_jetpack_newsletter_access":"","_jetpack_dont_email_post_to_subs":true,"_jetpack_newsletter_tier_id":0,"_jetpack_memberships_contains_paywalled_content":false,"_jetpack_memberships_contains_paid_content":false,"footnotes":""},"categories":[35],"tags":[31,365,7,37,258,28,52,744,133,366,36,91,279,97],"class_list":["post-36645","post","type-post","status-publish","format-standard","hentry","category-history","tag-31","tag-anti-semitism","tag-article","tag-attitudes-towards-migrants","tag-bern","tag-foreigners","tag-french-language","tag-host-family","tag-immigrant-policy","tag-jews","tag-migration-policy","tag-social-integration","tag-socioeconomic-factors","tag-xenophobia"],"jetpack_featured_media_url":"","jetpack_sharing_enabled":true,"_links":{"self":[{"href":"https:\/\/swissmig.unine.ch\/index.php?rest_route=\/wp\/v2\/posts\/36645","targetHints":{"allow":["GET"]}}],"collection":[{"href":"https:\/\/swissmig.unine.ch\/index.php?rest_route=\/wp\/v2\/posts"}],"about":[{"href":"https:\/\/swissmig.unine.ch\/index.php?rest_route=\/wp\/v2\/types\/post"}],"author":[{"embeddable":true,"href":"https:\/\/swissmig.unine.ch\/index.php?rest_route=\/wp\/v2\/users\/4"}],"replies":[{"embeddable":true,"href":"https:\/\/swissmig.unine.ch\/index.php?rest_route=%2Fwp%2Fv2%2Fcomments&post=36645"}],"version-history":[{"count":0,"href":"https:\/\/swissmig.unine.ch\/index.php?rest_route=\/wp\/v2\/posts\/36645\/revisions"}],"wp:attachment":[{"href":"https:\/\/swissmig.unine.ch\/index.php?rest_route=%2Fwp%2Fv2%2Fmedia&parent=36645"}],"wp:term":[{"taxonomy":"category","embeddable":true,"href":"https:\/\/swissmig.unine.ch\/index.php?rest_route=%2Fwp%2Fv2%2Fcategories&post=36645"},{"taxonomy":"post_tag","embeddable":true,"href":"https:\/\/swissmig.unine.ch\/index.php?rest_route=%2Fwp%2Fv2%2Ftags&post=36645"}],"curies":[{"name":"wp","href":"https:\/\/api.w.org\/{rel}","templated":true}]}}