{"id":36643,"date":"2024-07-01T08:00:00","date_gmt":"2024-07-01T07:00:00","guid":{"rendered":"https:\/\/swissmig.wordpress.com\/?p=36643"},"modified":"2024-07-01T08:00:00","modified_gmt":"2024-07-01T07:00:00","slug":"warum-das-boot-fur-die-juden-voll-war-kontinuitat-und-bruch-in-der-schweizer-fremdenpolitik","status":"publish","type":"post","link":"https:\/\/swissmig.unine.ch\/?p=36643","title":{"rendered":"Warum das Boot f\u00fcr die Juden voll war : Kontinuit\u00e4t und Bruch in der Schweizer Fremdenpolitik"},"content":{"rendered":"\n<h3 class=\"wp-block-heading\">Author(s) : Stefan M\u00e4chler<\/h3>\n\n\n\n<h3 class=\"wp-block-heading\">Source : <a href=\"https:\/\/doi.org\/10.5169\/seals-8941\" target=\"_blank\" rel=\"noreferrer noopener\">https:\/\/doi.org\/10.5169\/seals-8941<\/a><\/h3>\n\n\n\n<p><strong>Abstract: <\/strong><\/p>\n\n\n\n<!--more-->\n\n\n\n<blockquote class=\"wp-block-quote is-layout-flow wp-block-quote-is-layout-flow\">\n<p>&#8220;Wichtigstes und folgenreichstes Merkmal der Schweizer Fl\u00fcchtlingspolitik vor 50 Jahren war ihr antisemitischer Charakter. Juden galten nicht als politische Fl\u00fcchtlinge, hiess es offiziell. Im Endeffekt ein Todesurteil f\u00fcr Tausende. Wie soll man die fatale Praxis erkl\u00e4ren? War sie einfach ein Unfall, verursacht und erzwungen allein durch die prek\u00e4ren Umst\u00e4nde des Krieges? War sie bloss ein Unterbruch in der Geschichte der humanit\u00e4ren Schweiz? Oder enth\u00fcllte sie vielmehr die zerst\u00f6rerischen M\u00f6glichkeiten einer bereits langj\u00e4hrigen Praxis?&#8221;<\/p>\n<\/blockquote>\n","protected":false},"excerpt":{"rendered":"<p>Author(s) : Stefan M\u00e4chler Source : https:\/\/doi.org\/10.5169\/seals-8941 Abstract:<\/p>\n","protected":false},"author":4,"featured_media":0,"comment_status":"open","ping_status":"open","sticky":false,"template":"","format":"standard","meta":{"_kadence_starter_templates_imported_post":false,"_kad_post_transparent":"","_kad_post_title":"","_kad_post_layout":"","_kad_post_sidebar_id":"","_kad_post_content_style":"","_kad_post_vertical_padding":"","_kad_post_feature":"","_kad_post_feature_position":"","_kad_post_header":false,"_kad_post_footer":false,"_kad_post_classname":"","jetpack_post_was_ever_published":false,"_jetpack_newsletter_access":"","_jetpack_dont_email_post_to_subs":true,"_jetpack_newsletter_tier_id":0,"_jetpack_memberships_contains_paywalled_content":false,"_jetpack_memberships_contains_paid_content":false,"footnotes":""},"categories":[35],"tags":[432,599,365,7,37,106,73,271,133,366,103,198],"class_list":["post-36643","post","type-post","status-publish","format-standard","hentry","category-history","tag-432","tag-anti-immigrant-violence","tag-anti-semitism","tag-article","tag-attitudes-towards-migrants","tag-border-controls","tag-german-language","tag-human-rights-violations","tag-immigrant-policy","tag-jews","tag-refugees","tag-second-world-war"],"jetpack_featured_media_url":"","jetpack_sharing_enabled":true,"_links":{"self":[{"href":"https:\/\/swissmig.unine.ch\/index.php?rest_route=\/wp\/v2\/posts\/36643","targetHints":{"allow":["GET"]}}],"collection":[{"href":"https:\/\/swissmig.unine.ch\/index.php?rest_route=\/wp\/v2\/posts"}],"about":[{"href":"https:\/\/swissmig.unine.ch\/index.php?rest_route=\/wp\/v2\/types\/post"}],"author":[{"embeddable":true,"href":"https:\/\/swissmig.unine.ch\/index.php?rest_route=\/wp\/v2\/users\/4"}],"replies":[{"embeddable":true,"href":"https:\/\/swissmig.unine.ch\/index.php?rest_route=%2Fwp%2Fv2%2Fcomments&post=36643"}],"version-history":[{"count":0,"href":"https:\/\/swissmig.unine.ch\/index.php?rest_route=\/wp\/v2\/posts\/36643\/revisions"}],"wp:attachment":[{"href":"https:\/\/swissmig.unine.ch\/index.php?rest_route=%2Fwp%2Fv2%2Fmedia&parent=36643"}],"wp:term":[{"taxonomy":"category","embeddable":true,"href":"https:\/\/swissmig.unine.ch\/index.php?rest_route=%2Fwp%2Fv2%2Fcategories&post=36643"},{"taxonomy":"post_tag","embeddable":true,"href":"https:\/\/swissmig.unine.ch\/index.php?rest_route=%2Fwp%2Fv2%2Ftags&post=36643"}],"curies":[{"name":"wp","href":"https:\/\/api.w.org\/{rel}","templated":true}]}}