{"id":36637,"date":"2024-07-15T08:00:00","date_gmt":"2024-07-15T07:00:00","guid":{"rendered":"https:\/\/swissmig.wordpress.com\/?p=36637"},"modified":"2024-07-15T08:00:00","modified_gmt":"2024-07-15T07:00:00","slug":"ethnographier-langoisse-existentielle-expressions-du-mal-etre-chez-les-migrants-irreguliers-tunisiens","status":"publish","type":"post","link":"https:\/\/swissmig.unine.ch\/?p=36637","title":{"rendered":"Ethnographier l\u2019angoisse existentielle. Expressions du mal-\u00eatre chez les migrants irr\u00e9guliers tunisiens"},"content":{"rendered":"<h3>Author(s) : Simon Mastrangelo<\/h3>\n<h3>Source : <a href=\"https:\/\/doi.org\/10.3917\/aem.006.0063\" target=\"_blank\" rel=\"noopener\">https:\/\/doi.org\/10.3917\/aem.006.0063<\/a><\/h3>\n<p><strong>Abstract: <\/strong><!--more--><\/p>\n<blockquote><p>&#8220;<span class=\"lettrine\">L<\/span>es donn\u00e9es utilis\u00e9es dans cet article ont \u00e9t\u00e9 collect\u00e9es dans le cadre de ma recherche doctorale. Elles reposent sur un travail de terrain ethnographique men\u00e9 en Tunisie, en Suisse et en Italie sur une p\u00e9riode allant de novembre 2013 \u00e0 septembre 2016. Y ont \u00e9t\u00e9 conduites des observations et des \u00e9changes (de diff\u00e9rents types, incluant des entretiens biographiques et des \u00e9changes informels) avec deux types d\u2019interlocuteurs principaux : a) des Tunisiens vivant (au moment des \u00e9changes) en situation irr\u00e9guli\u00e8re en Suisse et en Italie ; b) des Tunisiens ayant v\u00e9cu une exp\u00e9rience de migration irr\u00e9guli\u00e8re sur le continent europ\u00e9en et \u00e9tant de retour en Tunisie (suite \u00e0 une expulsion ou dans le cadre d\u2019un projet d\u2019aide au retour). Des dizaines d\u2019interlocuteurs ont \u00e9t\u00e9 rencontr\u00e9s lors d\u2019\u00e9changes limit\u00e9s dans le temps lors de la phase exploratoire pr\u00e9liminaire. La recherche s\u2019est ensuite focalis\u00e9e sur les cas d\u2019une quinzaine d\u2019individus avec lesquels un suivi a \u00e9t\u00e9 men\u00e9 sur plusieurs ann\u00e9es. Ma th\u00e8se de doctorat (2017) se focalise, d\u2019une part, sur la mani\u00e8re dont les <em class=\"marquage italique\">harraga<\/em> tunisiens revendiquent le droit \u00e0 \u00e9migrer vers l\u2019Europe en contournant les restrictions des politiques migratoires (2018a, 2018b). Elle se concentre, d\u2019autre part, sur les multiples mani\u00e8res dont les <em class=\"marquage italique\">harraga<\/em> donnent du sens \u00e0 leurs trajectoires de vie et notamment \u00e0 leur v\u00e9cu migratoire (2019a). C\u2019est sur cette seconde dimension que porte cet article.&#8221;<\/p><\/blockquote>\n","protected":false},"excerpt":{"rendered":"<p>Author(s) : Simon Mastrangelo Source : https:\/\/doi.org\/10.3917\/aem.006.0063 Abstract:<\/p>\n","protected":false},"author":4,"featured_media":0,"comment_status":"open","ping_status":"open","sticky":false,"template":"","format":"standard","meta":{"_kadence_starter_templates_imported_post":false,"_kad_post_transparent":"","_kad_post_title":"","_kad_post_layout":"","_kad_post_sidebar_id":"","_kad_post_content_style":"","_kad_post_vertical_padding":"","_kad_post_feature":"","_kad_post_feature_position":"","_kad_post_header":false,"_kad_post_footer":false,"_kad_post_classname":"","jetpack_post_was_ever_published":false,"_jetpack_newsletter_access":"","_jetpack_dont_email_post_to_subs":false,"_jetpack_newsletter_tier_id":0,"_jetpack_memberships_contains_paywalled_content":false,"_jetpack_memberships_contains_paid_content":false,"footnotes":""},"categories":[167],"tags":[739,7,28,52,154,294,325,619,36,736,177,90,91,503,262],"class_list":["post-36637","post","type-post","status-publish","format-standard","hentry","category-ethnicity-languages-religion-arts","tag-739","tag-article","tag-foreigners","tag-french-language","tag-interviews","tag-irregular-migration","tag-methodology","tag-migration-intentions","tag-migration-policy","tag-narratives","tag-psychological-well-being","tag-reception-policy","tag-social-integration","tag-tunisians","tag-undocumented-immigrants"],"jetpack_featured_media_url":"","jetpack_sharing_enabled":true,"_links":{"self":[{"href":"https:\/\/swissmig.unine.ch\/index.php?rest_route=\/wp\/v2\/posts\/36637","targetHints":{"allow":["GET"]}}],"collection":[{"href":"https:\/\/swissmig.unine.ch\/index.php?rest_route=\/wp\/v2\/posts"}],"about":[{"href":"https:\/\/swissmig.unine.ch\/index.php?rest_route=\/wp\/v2\/types\/post"}],"author":[{"embeddable":true,"href":"https:\/\/swissmig.unine.ch\/index.php?rest_route=\/wp\/v2\/users\/4"}],"replies":[{"embeddable":true,"href":"https:\/\/swissmig.unine.ch\/index.php?rest_route=%2Fwp%2Fv2%2Fcomments&post=36637"}],"version-history":[{"count":0,"href":"https:\/\/swissmig.unine.ch\/index.php?rest_route=\/wp\/v2\/posts\/36637\/revisions"}],"wp:attachment":[{"href":"https:\/\/swissmig.unine.ch\/index.php?rest_route=%2Fwp%2Fv2%2Fmedia&parent=36637"}],"wp:term":[{"taxonomy":"category","embeddable":true,"href":"https:\/\/swissmig.unine.ch\/index.php?rest_route=%2Fwp%2Fv2%2Fcategories&post=36637"},{"taxonomy":"post_tag","embeddable":true,"href":"https:\/\/swissmig.unine.ch\/index.php?rest_route=%2Fwp%2Fv2%2Ftags&post=36637"}],"curies":[{"name":"wp","href":"https:\/\/api.w.org\/{rel}","templated":true}]}}