{"id":36632,"date":"2024-06-24T08:00:00","date_gmt":"2024-06-24T07:00:00","guid":{"rendered":"https:\/\/swissmig.wordpress.com\/?p=36632"},"modified":"2024-06-24T08:00:00","modified_gmt":"2024-06-24T07:00:00","slug":"erstmalige-umsetzung-des-schutzstatus-s","status":"publish","type":"post","link":"https:\/\/swissmig.unine.ch\/?p=36632","title":{"rendered":"Erstmalige Umsetzung des Schutzstatus S"},"content":{"rendered":"<h3>Author(s) : Schweizerische beobachtungsstelle f\u00fcr asyl- und ausl\u00e4nderrecht<\/h3>\n<h3>Source : <a href=\"https:\/\/beobachtungsstelle.ch\/news\/erstmalige-umsetzung-des-schutzstatus-s\/\" target=\"_blank\" rel=\"noopener\">https:\/\/beobachtungsstelle.ch\/news\/erstmalige-umsetzung-des-schutzstatus-s\/<\/a><\/h3>\n<p><strong>Abstract:<br \/>\n<\/strong><\/p>\n<p>&#8220;Am 11.03.2022 hat der Bundesrat beschlossen, den Schutzstatus S f\u00fcr Fl\u00fcchtlinge aus der Ukraine einzuf\u00fchren (siehe Medienmitteilung des Staatssekretariats f\u00fcr Migration (<span class=\"caps\">SEM<\/span>) vom 11.03.22). Beim Schutzstatus S handelt es sich um ein Instrument, um grossen Fluchtbewegungen zu begegnen, welches im Kontext des Jugoslawienkrieges in den 1990er Jahren entwickelt wurde. In der Praxis wurde der Status jedoch noch nie angewendet. Vor der Einf\u00fchrung wurden die Kantone, gewisse Hilfswerke und die Eidgen\u00f6ssische Migrationskommission (<span class=\"caps\">EKM<\/span>) konsultiert. Die Empfehlungen, die im Rahmen dieser Stellungnahmen gemacht wurden, wurden nur teilweise umgesetzt.&#8221;<\/p>\n","protected":false},"excerpt":{"rendered":"<p>Author(s) : Schweizerische beobachtungsstelle f\u00fcr asyl- und ausl\u00e4nderrecht Source :&#8230;<\/p>\n","protected":false},"author":4,"featured_media":0,"comment_status":"open","ping_status":"open","sticky":false,"template":"","format":"standard","meta":{"_kadence_starter_templates_imported_post":false,"_kad_post_transparent":"","_kad_post_title":"","_kad_post_layout":"","_kad_post_sidebar_id":"","_kad_post_content_style":"","_kad_post_vertical_padding":"","_kad_post_feature":"","_kad_post_feature_position":"","_kad_post_header":false,"_kad_post_footer":false,"_kad_post_classname":"","jetpack_post_was_ever_published":false,"_jetpack_newsletter_access":"","_jetpack_dont_email_post_to_subs":true,"_jetpack_newsletter_tier_id":0,"_jetpack_memberships_contains_paywalled_content":false,"_jetpack_memberships_contains_paid_content":false,"footnotes":""},"categories":[12],"tags":[722,7,111,112,37,273,307,28,73,303,356,90,647],"class_list":["post-36632","post","type-post","status-publish","format-standard","hentry","category-politics","tag-722","tag-article","tag-asylum-applications","tag-asylum-procedure","tag-attitudes-towards-migrants","tag-cantons","tag-civil-and-political-rights","tag-foreigners","tag-german-language","tag-legal-aspects","tag-migratory-status","tag-reception-policy","tag-ukrainians"],"jetpack_featured_media_url":"","jetpack_sharing_enabled":true,"_links":{"self":[{"href":"https:\/\/swissmig.unine.ch\/index.php?rest_route=\/wp\/v2\/posts\/36632","targetHints":{"allow":["GET"]}}],"collection":[{"href":"https:\/\/swissmig.unine.ch\/index.php?rest_route=\/wp\/v2\/posts"}],"about":[{"href":"https:\/\/swissmig.unine.ch\/index.php?rest_route=\/wp\/v2\/types\/post"}],"author":[{"embeddable":true,"href":"https:\/\/swissmig.unine.ch\/index.php?rest_route=\/wp\/v2\/users\/4"}],"replies":[{"embeddable":true,"href":"https:\/\/swissmig.unine.ch\/index.php?rest_route=%2Fwp%2Fv2%2Fcomments&post=36632"}],"version-history":[{"count":0,"href":"https:\/\/swissmig.unine.ch\/index.php?rest_route=\/wp\/v2\/posts\/36632\/revisions"}],"wp:attachment":[{"href":"https:\/\/swissmig.unine.ch\/index.php?rest_route=%2Fwp%2Fv2%2Fmedia&parent=36632"}],"wp:term":[{"taxonomy":"category","embeddable":true,"href":"https:\/\/swissmig.unine.ch\/index.php?rest_route=%2Fwp%2Fv2%2Fcategories&post=36632"},{"taxonomy":"post_tag","embeddable":true,"href":"https:\/\/swissmig.unine.ch\/index.php?rest_route=%2Fwp%2Fv2%2Ftags&post=36632"}],"curies":[{"name":"wp","href":"https:\/\/api.w.org\/{rel}","templated":true}]}}