{"id":36618,"date":"2024-06-24T08:00:00","date_gmt":"2024-06-24T07:00:00","guid":{"rendered":"https:\/\/swissmig.wordpress.com\/?p=36618"},"modified":"2024-06-24T08:00:00","modified_gmt":"2024-06-24T07:00:00","slug":"aufgenommen-aber-ausgeschlossen-die-vorlaufige-aufnahme-in-der-schweiz","status":"publish","type":"post","link":"https:\/\/swissmig.unine.ch\/?p=36618","title":{"rendered":"Aufgenommen, aber ausgeschlossen? Die vorl\u00e4ufige Aufnahme in der Schweiz"},"content":{"rendered":"<h3>Author(s) : Martina Kamm, Denise Efionayi-M\u00e4der, Anna Neubauer, Philippe Wanner, Fabienne Zannol<\/h3>\n<h3>Source: <a href=\"https:\/\/www.ekr.admin.ch\/pdf\/Aufgenommen_aber_ausgeschlossen_Studie_.pdf\" target=\"_blank\" rel=\"noopener\">https:\/\/www.ekr.admin.ch\/pdf\/Aufgenommen_aber_ausgeschlossen_Studie_.pdf<\/a><\/h3>\n<p><strong>Abstract: <\/strong><!--more--><\/p>\n<blockquote><p>&#8220;Bereits vor einiger Zeit haben Private und Nichtregierungsorganisationen das Problem der vorl\u00e4ufigen Aufnahme (Aufenthaltsstatus F) an die EKR herangetragen \u2013 dies mit der Bitte, aufscheinende \u00abUngerechtigkeiten\u00bb, H\u00e4rten und bestehende Vorurteile in der Gesellschaft gegen\u00fcber Menschen mit diesem Status zu bek\u00e4mpfen.<br \/>\nDie EKR nimmt solche Anliegen und Hinweise ernst. Allerdings geh\u00f6ren Fragen, die sich allgemein auf das Ausl\u00e4nderrecht beziehen, nicht zu ihrem Aufgabenbereich. Die EKR ist jedoch beauftragt, Bereiche auszuleuchten, in denen institutionelle Benachteiligung besteht und gesellschaftliche Ausgrenzung gegen\u00fcber Menschen anderer Herkunft stattfindet. Es ist ihre Aufgabe, die Mechanismen darzustellen, die sich daraus zu Ungunsten einer gewissen Gruppe ergeben. Insbesondere ist es ihr ein Anliegen, die politische Aufmerksamkeit auf eine Bev\u00f6lkerungsgruppe von rund 26 000 Menschen mit einer vorl\u00e4ufigen Aufnahme (Status F) zu lenken, die \u2013 unter Ausschluss der Wahrnehmung der Bev\u00f6lkerung \u2013 in \u00e4usserst schwierigen Verh\u00e4ltnissen in unserem Land leben.&#8221;<\/p><\/blockquote>\n","protected":false},"excerpt":{"rendered":"<p>Author(s) : Martina Kamm, Denise Efionayi-M\u00e4der, Anna Neubauer, Philippe Wanner,&#8230;<\/p>\n","protected":false},"author":4,"featured_media":0,"comment_status":"open","ping_status":"open","sticky":false,"template":"","format":"standard","meta":{"_kadence_starter_templates_imported_post":false,"_kad_post_transparent":"","_kad_post_title":"","_kad_post_layout":"","_kad_post_sidebar_id":"","_kad_post_content_style":"","_kad_post_vertical_padding":"","_kad_post_feature":"","_kad_post_feature_position":"","_kad_post_header":false,"_kad_post_footer":false,"_kad_post_classname":"","jetpack_post_was_ever_published":false,"_jetpack_newsletter_access":"","_jetpack_dont_email_post_to_subs":true,"_jetpack_newsletter_tier_id":0,"_jetpack_memberships_contains_paywalled_content":false,"_jetpack_memberships_contains_paid_content":false,"footnotes":""},"categories":[12],"tags":[481,111,49,112,70,164,28,73,303,104,36,356,487,90,249,91,402],"class_list":["post-36618","post","type-post","status-publish","format-standard","hentry","category-politics","tag-481","tag-asylum-applications","tag-asylum-policy","tag-asylum-procedure","tag-citizenship","tag-exclusion","tag-foreigners","tag-german-language","tag-legal-aspects","tag-living-conditions","tag-migration-policy","tag-migratory-status","tag-ngos","tag-reception-policy","tag-report","tag-social-integration","tag-temporary-admission"],"jetpack_featured_media_url":"","jetpack_sharing_enabled":true,"_links":{"self":[{"href":"https:\/\/swissmig.unine.ch\/index.php?rest_route=\/wp\/v2\/posts\/36618","targetHints":{"allow":["GET"]}}],"collection":[{"href":"https:\/\/swissmig.unine.ch\/index.php?rest_route=\/wp\/v2\/posts"}],"about":[{"href":"https:\/\/swissmig.unine.ch\/index.php?rest_route=\/wp\/v2\/types\/post"}],"author":[{"embeddable":true,"href":"https:\/\/swissmig.unine.ch\/index.php?rest_route=\/wp\/v2\/users\/4"}],"replies":[{"embeddable":true,"href":"https:\/\/swissmig.unine.ch\/index.php?rest_route=%2Fwp%2Fv2%2Fcomments&post=36618"}],"version-history":[{"count":0,"href":"https:\/\/swissmig.unine.ch\/index.php?rest_route=\/wp\/v2\/posts\/36618\/revisions"}],"wp:attachment":[{"href":"https:\/\/swissmig.unine.ch\/index.php?rest_route=%2Fwp%2Fv2%2Fmedia&parent=36618"}],"wp:term":[{"taxonomy":"category","embeddable":true,"href":"https:\/\/swissmig.unine.ch\/index.php?rest_route=%2Fwp%2Fv2%2Fcategories&post=36618"},{"taxonomy":"post_tag","embeddable":true,"href":"https:\/\/swissmig.unine.ch\/index.php?rest_route=%2Fwp%2Fv2%2Ftags&post=36618"}],"curies":[{"name":"wp","href":"https:\/\/api.w.org\/{rel}","templated":true}]}}