{"id":36615,"date":"2024-06-24T08:00:00","date_gmt":"2024-06-24T07:00:00","guid":{"rendered":"https:\/\/swissmig.wordpress.com\/?p=36615"},"modified":"2024-06-24T08:00:00","modified_gmt":"2024-06-24T07:00:00","slug":"admis-mais-exclus-ladmission-provisoire-en-suisse-resume","status":"publish","type":"post","link":"https:\/\/swissmig.unine.ch\/?p=36615","title":{"rendered":"Admis mais exclus ? : l&#8217;admission provisoire en Suisse : r\u00e9sum\u00e9"},"content":{"rendered":"<h3>Author(s) : Martina Kamm, Denise Efionayi-M\u00e4der, Anna Neubauer, Philippe Wanner, Fabienne Zannol<\/h3>\n<h3>Source : <a href=\"https:\/\/www.ekr.admin.ch\/pdf\/Admis_mais_exclus_Resume.pdf\" target=\"_blank\" rel=\"noopener\">https:\/\/www.ekr.admin.ch\/pdf\/Admis_mais_exclus_Resume.pdf<\/a><\/h3>\n<p><strong>Abstract: <\/strong><!--more--><\/p>\n<blockquote><p>&#8220;Il y a quelque temps d\u00e9j\u00e0, des particuliers et des organisations non gouvernementales se sont adress\u00e9s \u00e0 la CFR pour lui soumettre le probl\u00e8me de l\u2019admission provisoire (permis F) en lui demandant de lutter contre les \u00abinjustices\u00bb dont seraient apparemment victimes les personnes disposant de ce statut et les pr\u00e9jug\u00e9s dont la soci\u00e9t\u00e9 fait preuve \u00e0 leur \u00e9gard.<br \/>\nLa CFR prend ce genre de demandes tr\u00e8s au s\u00e9rieux mais les questions qui se rapportent d\u2019une mani\u00e8re g\u00e9n\u00e9rale au droit des \u00e9trangers ne rel\u00e8vent pas de sa comp\u00e9tence. La CFR a n\u00e9anmoins \u00e9t\u00e9 charg\u00e9e de mettre en lumi\u00e8re les domaines dans lesquels les personnes venant d\u2019autres pays subissent des pr\u00e9judices d\u2019ordre institutionnel et sont exclues de la soci\u00e9t\u00e9. Sa mission est de pr\u00e9senter les m\u00e9canismes qui en r\u00e9sultent et qui se r\u00e9v\u00e8lent d\u00e9favorables \u00e0 un certain groupe.<br \/>\nElle tient notamment \u00e0 attirer l\u2019attention du monde politique sur les 26 000 personnes au b\u00e9n\u00e9fice de l\u2019admission provisoire (permis F) qui vivent dans notre pays dans des conditions extr\u00eamement p\u00e9nibles, sans \u00eatre per\u00e7ues par la population. C\u2019est pourquoi elle pr\u00e9sente ci-apr\u00e8s deux travaux de recherche.&#8221;<\/p><\/blockquote>\n","protected":false},"excerpt":{"rendered":"<p>Author(s) : Martina Kamm, Denise Efionayi-M\u00e4der, Anna Neubauer, Philippe Wanner,&#8230;<\/p>\n","protected":false},"author":4,"featured_media":0,"comment_status":"open","ping_status":"open","sticky":false,"template":"","format":"standard","meta":{"_kadence_starter_templates_imported_post":false,"_kad_post_transparent":"","_kad_post_title":"","_kad_post_layout":"","_kad_post_sidebar_id":"","_kad_post_content_style":"","_kad_post_vertical_padding":"","_kad_post_feature":"","_kad_post_feature_position":"","_kad_post_header":false,"_kad_post_footer":false,"_kad_post_classname":"","jetpack_post_was_ever_published":false,"_jetpack_newsletter_access":"","_jetpack_dont_email_post_to_subs":true,"_jetpack_newsletter_tier_id":0,"_jetpack_memberships_contains_paywalled_content":false,"_jetpack_memberships_contains_paid_content":false,"footnotes":""},"categories":[12],"tags":[481,111,49,112,70,164,28,52,303,104,36,356,487,90,249,91,402],"class_list":["post-36615","post","type-post","status-publish","format-standard","hentry","category-politics","tag-481","tag-asylum-applications","tag-asylum-policy","tag-asylum-procedure","tag-citizenship","tag-exclusion","tag-foreigners","tag-french-language","tag-legal-aspects","tag-living-conditions","tag-migration-policy","tag-migratory-status","tag-ngos","tag-reception-policy","tag-report","tag-social-integration","tag-temporary-admission"],"jetpack_featured_media_url":"","jetpack_sharing_enabled":true,"_links":{"self":[{"href":"https:\/\/swissmig.unine.ch\/index.php?rest_route=\/wp\/v2\/posts\/36615","targetHints":{"allow":["GET"]}}],"collection":[{"href":"https:\/\/swissmig.unine.ch\/index.php?rest_route=\/wp\/v2\/posts"}],"about":[{"href":"https:\/\/swissmig.unine.ch\/index.php?rest_route=\/wp\/v2\/types\/post"}],"author":[{"embeddable":true,"href":"https:\/\/swissmig.unine.ch\/index.php?rest_route=\/wp\/v2\/users\/4"}],"replies":[{"embeddable":true,"href":"https:\/\/swissmig.unine.ch\/index.php?rest_route=%2Fwp%2Fv2%2Fcomments&post=36615"}],"version-history":[{"count":0,"href":"https:\/\/swissmig.unine.ch\/index.php?rest_route=\/wp\/v2\/posts\/36615\/revisions"}],"wp:attachment":[{"href":"https:\/\/swissmig.unine.ch\/index.php?rest_route=%2Fwp%2Fv2%2Fmedia&parent=36615"}],"wp:term":[{"taxonomy":"category","embeddable":true,"href":"https:\/\/swissmig.unine.ch\/index.php?rest_route=%2Fwp%2Fv2%2Fcategories&post=36615"},{"taxonomy":"post_tag","embeddable":true,"href":"https:\/\/swissmig.unine.ch\/index.php?rest_route=%2Fwp%2Fv2%2Ftags&post=36615"}],"curies":[{"name":"wp","href":"https:\/\/api.w.org\/{rel}","templated":true}]}}