{"id":36605,"date":"2024-07-01T08:00:00","date_gmt":"2024-07-01T07:00:00","guid":{"rendered":"https:\/\/swissmig.wordpress.com\/?p=36605"},"modified":"2024-07-01T08:00:00","modified_gmt":"2024-07-01T07:00:00","slug":"argumentarium-fur-ein-neues-burgerrecht","status":"publish","type":"post","link":"https:\/\/swissmig.unine.ch\/?p=36605","title":{"rendered":"Argumentarium f\u00fcr ein neues B\u00fcrgerrecht"},"content":{"rendered":"\n<h3 class=\"wp-block-heading\">Author(s) : Sabine Baier, Tatiana Cardoso, Kijan Espahangizi, Sandra King-Savi\u0107, Barbara von R\u00fctte<\/h3>\n\n\n\n<h3 class=\"wp-block-heading\">Source : <a href=\"https:\/\/ines.rokfor.ch\/asset\/422\/3617\/INES_Argumentarium_Inhalt_online_DE.pdf\" target=\"_blank\" rel=\"noreferrer noopener\">https:\/\/ines.rokfor.ch\/asset\/422\/3617\/INES_Argumentarium_Inhalt_online_DE.pdf<\/a><\/h3>\n\n\n\n<p><strong>Abstract: <\/strong><\/p>\n\n\n\n<!--more-->\n\n\n\n<blockquote class=\"wp-block-quote is-layout-flow wp-block-quote-is-layout-flow\">\n<p>Die Zukunft der Schweizer der Demokratie steht auf dem Spiel: Ein Viertel der st\u00e4ndigen Wohnbev\u00f6lkerung besitzt heute kein hiesiges B\u00fcrgerrecht, Tendenz steigend. Geht es so weiter, wird es 2040 ein Drittel sein. Ab wann ist eine Demokratie nicht mehr demokratisch genug? Mit dem Argumentarium lanciert INES das Gespr\u00e4ch \u00fcber ein neues, nachhaltigeres B\u00fcrgerrecht, das die Zukunft der Schweizer Demokratie sichert.<\/p>\n\n\n\n<p>Egal wie man zur Einwanderung steht, die Frage der Integration ist zentral. Doch beim Thema Einb\u00fcrgerung kommt die Schweiz seit Jahrzehnten nicht weiter. Dabei zeigt die Forschung: Einb\u00fcrgerung f\u00f6rdert Integration. In keinem anderen gr\u00f6sseren Land in Europa ist es schwieriger und dauert es l\u00e4nger eingeb\u00fcrgert zu werden als in der Schweiz. Machen wir so weiter, steuern wir in eine Sackgasse.<\/p>\n\n\n\n<p>Es ist an der Zeit, \u00fcber die Zukunft der Schweizer Demokratie zu sprechen. Das Argumentarium von INES l\u00e4dt zu einem nuancierten und sachlichen Dialog ein. F\u00fchrende Fachexpertinnen und Fachexperten aus verschiedenen Bereichen setzen sich in kurzen, allgemeinverst\u00e4ndlichen Essays mit unterschiedlichen Aspekten des B\u00fcrgerrechts in der Schweiz auseinander: seiner historischen Bedeutung f\u00fcr die Schweizer Gesellschaft, dem Verh\u00e4ltnis zur Integration und nationaler Identit\u00e4t sowie mit \u00f6konomischen Aspekten.<\/p>\n\n\n\n<p>Das Argumentarium f\u00fcr eine Neues B\u00fcrgerrecht wird herausgegeben vom Institut Neue Schweiz INES, unter der redaktionellen Leitung von Sabine Baier, Kijan Espahangizi, Sandra King-Savi\u0107, Barbara von R\u00fctte und Tatiana Cardoso.<\/p>\n\n\n\n<p><strong>Beitr\u00e4gen<\/strong><\/p>\n\n\n\n<p>Wer ist eigentlich das Volk? | Rohit Jain<\/p>\n\n\n\n<p>B\u00fcrgerrecht als Menschenrecht | Barbara von R\u00fctte<\/p>\n\n\n\n<p>Staatsb\u00fcrgerschaft und b\u00fcrgerliche Grundrechte im Wandel der Zeit | Georg Kreis<\/p>\n\n\n\n<p>Zu radikal? Die Demokratie ernst nehmen! | Simone Prodolliet<\/p>\n\n\n\n<p>Integration und Einb\u00fcrgerung | Kijan Espahangizi<\/p>\n\n\n\n<p>Die \u00abZweite Generation\u00bb im Spannungsfeld Integration | Sandra King-Savi\u0107<\/p>\n\n\n\n<p>Marathon mit H\u00fcrden | Stefanie Kurt<\/p>\n\n\n\n<p>Demokratie statt Integration | Stefan Manser-Egli<\/p>\n\n\n\n<p>Die problematische Verschr\u00e4nkung von Staatsb\u00fcrgerschaft und nationaler Identit\u00e4t | Janine Dahinden<\/p>\n\n\n\n<p>Gef\u00e4hrden \u00abPapierlischweizer\u00bb die nationale Identit\u00e4t? | Nenad Stojanovi\u0107<\/p>\n\n\n\n<p>Demokratisches Mitspracherecht statt kulturelle Differenzierung | Barbara L\u00fcthi<\/p>\n\n\n\n<p>Exklusivit\u00e4t als Wert \u2013 Teilhabe als Wert | Stefan Schlegel<\/p>\n\n\n\n<p>Gleiche soziale Rechte f\u00fcr alle statt exklusiver Solidarit\u00e4t | Sarah Schilliger<\/p>\n\n\n\n<p>Das \u00f6konomische Leitmotiv des B\u00fcrgerrechts | Christin Achermann<\/p>\n\n\n\n<p>Citizenship und wirtschaftliche Inklusion | Gianni D\u2019Amato<\/p>\n<\/blockquote>\n","protected":false},"excerpt":{"rendered":"<p>Author(s) : Sabine Baier, Tatiana Cardoso, Kijan Espahangizi, Sandra King-Savi\u0107,&#8230;<\/p>\n","protected":false},"author":4,"featured_media":0,"comment_status":"open","ping_status":"open","sticky":false,"template":"","format":"standard","meta":{"_kadence_starter_templates_imported_post":false,"_kad_post_transparent":"","_kad_post_title":"","_kad_post_layout":"","_kad_post_sidebar_id":"","_kad_post_content_style":"","_kad_post_vertical_padding":"","_kad_post_feature":"","_kad_post_feature_position":"","_kad_post_header":false,"_kad_post_footer":false,"_kad_post_classname":"","jetpack_post_was_ever_published":false,"_jetpack_newsletter_access":"","_jetpack_dont_email_post_to_subs":false,"_jetpack_newsletter_tier_id":0,"_jetpack_memberships_contains_paywalled_content":false,"_jetpack_memberships_contains_paid_content":false,"footnotes":""},"categories":[12],"tags":[291,562,70,307,252,73,205,93,206,123,94,91,72],"class_list":["post-36605","post","type-post","status-publish","format-standard","hentry","category-politics","tag-291","tag-book","tag-citizenship","tag-civil-and-political-rights","tag-democracy","tag-german-language","tag-national-identity","tag-naturalization","tag-political-activities","tag-political-participation","tag-political-system","tag-social-integration","tag-voting-rights"],"jetpack_featured_media_url":"","jetpack_sharing_enabled":true,"_links":{"self":[{"href":"https:\/\/swissmig.unine.ch\/index.php?rest_route=\/wp\/v2\/posts\/36605","targetHints":{"allow":["GET"]}}],"collection":[{"href":"https:\/\/swissmig.unine.ch\/index.php?rest_route=\/wp\/v2\/posts"}],"about":[{"href":"https:\/\/swissmig.unine.ch\/index.php?rest_route=\/wp\/v2\/types\/post"}],"author":[{"embeddable":true,"href":"https:\/\/swissmig.unine.ch\/index.php?rest_route=\/wp\/v2\/users\/4"}],"replies":[{"embeddable":true,"href":"https:\/\/swissmig.unine.ch\/index.php?rest_route=%2Fwp%2Fv2%2Fcomments&post=36605"}],"version-history":[{"count":0,"href":"https:\/\/swissmig.unine.ch\/index.php?rest_route=\/wp\/v2\/posts\/36605\/revisions"}],"wp:attachment":[{"href":"https:\/\/swissmig.unine.ch\/index.php?rest_route=%2Fwp%2Fv2%2Fmedia&parent=36605"}],"wp:term":[{"taxonomy":"category","embeddable":true,"href":"https:\/\/swissmig.unine.ch\/index.php?rest_route=%2Fwp%2Fv2%2Fcategories&post=36605"},{"taxonomy":"post_tag","embeddable":true,"href":"https:\/\/swissmig.unine.ch\/index.php?rest_route=%2Fwp%2Fv2%2Ftags&post=36605"}],"curies":[{"name":"wp","href":"https:\/\/api.w.org\/{rel}","templated":true}]}}