{"id":36559,"date":"2024-06-10T08:00:00","date_gmt":"2024-06-10T07:00:00","guid":{"rendered":"https:\/\/swissmig.wordpress.com\/?p=36559"},"modified":"2024-06-10T08:00:00","modified_gmt":"2024-06-10T07:00:00","slug":"politique-migratoire-et-marche-du-travail-une-approche-par-les-arrangements-neo-corporatistes","status":"publish","type":"post","link":"https:\/\/swissmig.unine.ch\/?p=36559","title":{"rendered":"Politique migratoire et march\u00e9 du travail. Une approche par les arrangements n\u00e9o-corporatistes"},"content":{"rendered":"<h3>Author(s) : Evangelos Pteroudis<\/h3>\n<h3>Source : <a href=\"http:\/\/www.sjes.ch\/papers\/1993-III-11.pdf\" target=\"_blank\" rel=\"noopener\">http:\/\/www.sjes.ch\/papers\/1993-III-11.pdf<\/a><\/h3>\n<p><strong>Abstract: <\/strong><!--more--><\/p>\n<blockquote><p>&#8220;Pour analyser les politiques migratoires de la Suisse on prendra comme hypoth\u00e8se de<br \/>\ntravail qu&#8217;une partie de l&#8217;explication de ces politiques et de leurs effets sur le march\u00e9 du<br \/>\ntravail doit \u00eatre recherch\u00e9e dans la mani\u00e8re dont elles ont \u00e9t\u00e9 construites. Cela se fera<br \/>\npar l&#8217;observation des interactions entre le syst\u00e8me politique et son environnement \u00e0<br \/>\ntravers des arrangements, qui institutionnalisent des rapports de communication et de<br \/>\nn\u00e9gociation entre les syndicats et le patronat, repr\u00e9sentants du champ \u00e9conomique, avec<br \/>\nla participation de l\u2019\u00c9tat. Peut-on supposer que toute demande pourra passer par<br \/>\nl&#8217;interm\u00e9diaire de ce syst\u00e8me de consultation, ou faut-il au contraire voir des limites dans<br \/>\nla capacit\u00e9 de ces arrangements \u00e0 \u00e9tablir la communication entre l\u2019\u00c9tat et les acteurs<br \/>\nconcern\u00e9s? Ces arrangements sont-ils aussi cr\u00e9ateurs et reproducteurs d&#8217;une certaine<br \/>\nin\u00e9galit\u00e9 dans la soci\u00e9t\u00e9 et dans le march\u00e9 du travail? Plus fondamentalement il faut aussi<br \/>\nse poser la question de leur fonction par rapport \u00e0 la l\u00e9gitimit\u00e9 de l&#8217;action de l\u2019\u00c9tat et de<br \/>\nla l\u00e9gitimation du syst\u00e8me social dans son ensemble.&#8221;<\/p><\/blockquote>\n","protected":false},"excerpt":{"rendered":"<p>Author(s) : Evangelos Pteroudis Source : http:\/\/www.sjes.ch\/papers\/1993-III-11.pdf Abstract:<\/p>\n","protected":false},"author":4,"featured_media":0,"comment_status":"open","ping_status":"open","sticky":false,"template":"","format":"standard","meta":{"_kadence_starter_templates_imported_post":false,"_kad_post_transparent":"","_kad_post_title":"","_kad_post_layout":"","_kad_post_sidebar_id":"","_kad_post_content_style":"","_kad_post_vertical_padding":"","_kad_post_feature":"","_kad_post_feature_position":"","_kad_post_header":false,"_kad_post_footer":false,"_kad_post_classname":"","jetpack_post_was_ever_published":false,"_jetpack_newsletter_access":"","_jetpack_dont_email_post_to_subs":true,"_jetpack_newsletter_tier_id":0,"_jetpack_memberships_contains_paywalled_content":false,"_jetpack_memberships_contains_paid_content":false,"footnotes":""},"categories":[16],"tags":[533,362,7,15,28,52,301,19,83,36,597,384],"class_list":["post-36559","post","type-post","status-publish","format-standard","hentry","category-economics","tag-533","tag-access-to-employment","tag-article","tag-economic-impact","tag-foreigners","tag-french-language","tag-globalization","tag-labour-market","tag-labour-market-policy","tag-migration-policy","tag-national-economy","tag-workers"],"jetpack_featured_media_url":"","jetpack_sharing_enabled":true,"_links":{"self":[{"href":"https:\/\/swissmig.unine.ch\/index.php?rest_route=\/wp\/v2\/posts\/36559","targetHints":{"allow":["GET"]}}],"collection":[{"href":"https:\/\/swissmig.unine.ch\/index.php?rest_route=\/wp\/v2\/posts"}],"about":[{"href":"https:\/\/swissmig.unine.ch\/index.php?rest_route=\/wp\/v2\/types\/post"}],"author":[{"embeddable":true,"href":"https:\/\/swissmig.unine.ch\/index.php?rest_route=\/wp\/v2\/users\/4"}],"replies":[{"embeddable":true,"href":"https:\/\/swissmig.unine.ch\/index.php?rest_route=%2Fwp%2Fv2%2Fcomments&post=36559"}],"version-history":[{"count":0,"href":"https:\/\/swissmig.unine.ch\/index.php?rest_route=\/wp\/v2\/posts\/36559\/revisions"}],"wp:attachment":[{"href":"https:\/\/swissmig.unine.ch\/index.php?rest_route=%2Fwp%2Fv2%2Fmedia&parent=36559"}],"wp:term":[{"taxonomy":"category","embeddable":true,"href":"https:\/\/swissmig.unine.ch\/index.php?rest_route=%2Fwp%2Fv2%2Fcategories&post=36559"},{"taxonomy":"post_tag","embeddable":true,"href":"https:\/\/swissmig.unine.ch\/index.php?rest_route=%2Fwp%2Fv2%2Ftags&post=36559"}],"curies":[{"name":"wp","href":"https:\/\/api.w.org\/{rel}","templated":true}]}}