{"id":36552,"date":"2024-06-10T08:00:00","date_gmt":"2024-06-10T07:00:00","guid":{"rendered":"https:\/\/swissmig.wordpress.com\/?p=36552"},"modified":"2024-06-10T08:00:00","modified_gmt":"2024-06-10T07:00:00","slug":"traditions-et-identite-nationales-integration-et-internationalisme-dans-le-mouvement-ouvrier-socialiste-en-suisse-avant-1914","status":"publish","type":"post","link":"https:\/\/swissmig.unine.ch\/?p=36552","title":{"rendered":"Traditions et identit\u00e9 nationales, int\u00e9gration et internationalisme dans le mouvement ouvrier socialiste en Suisse avant 1914"},"content":{"rendered":"<h3>Author(s) : Marc Vuilleumier<\/h3>\n<h3>Source : <a href=\"https:\/\/www.jstor.org\/stable\/3778750\" target=\"_blank\" rel=\"noopener\">https:\/\/www.jstor.org\/stable\/3778750<\/a><\/h3>\n<p><strong>Abstract: <\/strong><!--more--><\/p>\n<blockquote><p>&#8220;Apr\u00e8s avoir d\u00e9gag\u00e9 quelques particularit\u00e9s du sentiment national en Suisse, l&#8217;auteur examine ses rapports avec l&#8217;internationalisme proclam\u00e9 par le mouvement socialiste. Celui-ci demeure ancr\u00e9 dans la tradition radicale et d\u00e9mocratique du XIXe si\u00e8cle, ce qui, \u00e0 ses yeux, n&#8217;est pas en contradiction avec ses obligations internationales. Le caract\u00e8re multinational de la classe ouvri\u00e8re en Suisse influe naturellement sur le socialisme, qui finit par ouvrir les rangs du Parti aux \u00e9trangers, malgr\u00e9 certaines r\u00e9ticences. Diverses manifestations entretiennent une certaine collaboration internationale. Apr\u00e8s avoir examin\u00e9 la participation suisse \u00e0 la IIe Internationale, \u00e0 ses manifestations de solidarit\u00e9, l&#8217;auteur montre les difficult\u00e9s rencontr\u00e9es parfois dans ce domaine. Pour terminer, l&#8217;article examine l&#8217;attitude du Parti \u00e0 l&#8217;\u00e9gard du militarisme et de la guerre: d\u00e8s la fin de 1912, tout semble jou\u00e9 et laisse pr\u00e9voir le ralliement de 1914.&#8221;<\/p>\n<p>&#8220;After having surveyed some pecularities about the national idea in Switzerland, the author examines the relationship with internationalism declared by the socialist movement. The latter will stay in the radical and democratic tradition of the 19 th Century, which is, to his point of view, not in contradiction with its international obligations. The multinational character of the Swiss working class does not go without influence on socialism, which, at the end, opens to foreigners, but with some difficulties. Several meetings finally led to a relative international collaboration. After having analyzed the Swiss participation to the 2nd International and to its solidarity, the author examines the Party attitudes towards militarism and war: everything seems to be settled from the end of 1912 and to prefigurate the events of 1914.&#8221;<\/p><\/blockquote>\n","protected":false},"excerpt":{"rendered":"<p>Author(s) : Marc Vuilleumier Source : https:\/\/www.jstor.org\/stable\/3778750 Abstract:<\/p>\n","protected":false},"author":4,"featured_media":0,"comment_status":"open","ping_status":"open","sticky":false,"template":"","format":"standard","meta":{"_kadence_starter_templates_imported_post":false,"_kad_post_transparent":"","_kad_post_title":"","_kad_post_layout":"","_kad_post_sidebar_id":"","_kad_post_content_style":"","_kad_post_vertical_padding":"","_kad_post_feature":"","_kad_post_feature_position":"","_kad_post_header":false,"_kad_post_footer":false,"_kad_post_classname":"","jetpack_post_was_ever_published":false,"_jetpack_newsletter_access":"","_jetpack_dont_email_post_to_subs":true,"_jetpack_newsletter_tier_id":0,"_jetpack_memberships_contains_paywalled_content":false,"_jetpack_memberships_contains_paid_content":false,"footnotes":""},"categories":[35],"tags":[234,281,252,28,52,216,180,205,123,11,692,249,278,641,25,676,384],"class_list":["post-36552","post","type-post","status-publish","format-standard","hentry","category-history","tag-234","tag-belonging","tag-democracy","tag-foreigners","tag-french-language","tag-international-cooperation","tag-multiculturalism","tag-national-identity","tag-political-participation","tag-political-parties","tag-public-policy","tag-report","tag-social-class","tag-social-protection","tag-solidarity","tag-trade-unions","tag-workers"],"jetpack_featured_media_url":"","jetpack_sharing_enabled":true,"_links":{"self":[{"href":"https:\/\/swissmig.unine.ch\/index.php?rest_route=\/wp\/v2\/posts\/36552","targetHints":{"allow":["GET"]}}],"collection":[{"href":"https:\/\/swissmig.unine.ch\/index.php?rest_route=\/wp\/v2\/posts"}],"about":[{"href":"https:\/\/swissmig.unine.ch\/index.php?rest_route=\/wp\/v2\/types\/post"}],"author":[{"embeddable":true,"href":"https:\/\/swissmig.unine.ch\/index.php?rest_route=\/wp\/v2\/users\/4"}],"replies":[{"embeddable":true,"href":"https:\/\/swissmig.unine.ch\/index.php?rest_route=%2Fwp%2Fv2%2Fcomments&post=36552"}],"version-history":[{"count":0,"href":"https:\/\/swissmig.unine.ch\/index.php?rest_route=\/wp\/v2\/posts\/36552\/revisions"}],"wp:attachment":[{"href":"https:\/\/swissmig.unine.ch\/index.php?rest_route=%2Fwp%2Fv2%2Fmedia&parent=36552"}],"wp:term":[{"taxonomy":"category","embeddable":true,"href":"https:\/\/swissmig.unine.ch\/index.php?rest_route=%2Fwp%2Fv2%2Fcategories&post=36552"},{"taxonomy":"post_tag","embeddable":true,"href":"https:\/\/swissmig.unine.ch\/index.php?rest_route=%2Fwp%2Fv2%2Ftags&post=36552"}],"curies":[{"name":"wp","href":"https:\/\/api.w.org\/{rel}","templated":true}]}}