{"id":3653,"date":"2020-04-06T08:00:38","date_gmt":"2020-04-06T07:00:38","guid":{"rendered":"https:\/\/swissmig.wordpress.com\/?p=3653"},"modified":"2020-04-06T08:00:38","modified_gmt":"2020-04-06T07:00:38","slug":"configurations-familiales-transnationales-et-liens-intergenerationnels-les-personnes-agees-au-coeur-du-care","status":"publish","type":"post","link":"https:\/\/swissmig.unine.ch\/?p=3653","title":{"rendered":"Configurations familiales transnationales et liens interg\u00e9n\u00e9rationnels : les personnes \u00e2g\u00e9es au c\u0153ur du care"},"content":{"rendered":"<h3>Author(s) : Claudio Bolzman<\/h3>\n<h3>Source : <a href=\"https:\/\/doi.org\/10.4000\/revss.1410\" target=\"_blank\" rel=\"noopener\">https:\/\/doi.org\/10.4000\/revss.1410<\/a><\/h3>\n<p><strong>Abstract: <\/strong><!--more--><\/p>\n<blockquote><p>&#8220;Cet article s\u2019int\u00e9resse \u00e0 la place des personnes \u00e2g\u00e9es dans des familles transnationales et interg\u00e9n\u00e9rationnelles lorsque ces personnes \u00e2g\u00e9es se trouvent dans diff\u00e9rents moments de leurs parcours de vie. Il explore les relations qui s\u2019\u00e9tablissent entre ces personnes et leurs descendants, que ce soit \u00e0 travers des contacts \u00e0 distance ou pr\u00e9sentiels. Il s\u2019int\u00e9resse \u00e9galement aux formes de soutien, notamment de <em>care<\/em>, ainsi qu\u2019aux \u00e9ventuelles tensions qui s\u2019expriment dans ces familles. Afin d\u2019analyser ces th\u00e9matiques, nous proposons une typologie qui s\u2019inspire de la perspective transnationale ainsi que de celles des configurations familiales et de relations interg\u00e9n\u00e9rationnelles toute en les articulant \u00e0 celle des parcours de vie. Les donnes empiriques proviennent de cinq recherches men\u00e9es principalement en Suisse.&#8221;<\/p>\n<div class=\"abstractKeywords\">\n<div class=\"hlFld-KeywordText\">\n<p class=\"index ltr\"><strong>Mots-cl\u00e9s :<\/strong> configurations familiales, transnationalisme, liens interg\u00e9n\u00e9rationnels, personnes \u00e2g\u00e9es, parcours de vie, care<\/p>\n<p>&nbsp;<\/p>\n<\/div>\n<p>&#8220;This article focuses on the place of older people in transnational and intergenerational families when these elderly people are at different moments of their life course. The paper explores the relations established between these older people and their descendants, whether through distance or face-to-face contacts. It is also interested in forms of support, including care, as well as in any tensions that may arise in these families. In order to analyze these issues, we propose a typology that draws on the transnational perspective as well as those of family configurations and intergenerational relations, while articulating them with the life course perspective. The empirical data come from five studies conducted mainly in Switzerland.&#8221;<\/p>\n<div class=\"index ltr\"><strong>Keywords:<\/strong> family configurations, transnationalism, intergenerational relations, older people, life course, care<\/div>\n<\/div>\n<\/blockquote>\n<p>&nbsp;<\/p>\n","protected":false},"excerpt":{"rendered":"<p>Author(s) : Claudio Bolzman Source : https:\/\/doi.org\/10.4000\/revss.1410 Abstract:<\/p>\n","protected":false},"author":4,"featured_media":0,"comment_status":"open","ping_status":"open","sticky":false,"template":"","format":"standard","meta":{"_kadence_starter_templates_imported_post":false,"_kad_post_transparent":"","_kad_post_title":"","_kad_post_layout":"","_kad_post_sidebar_id":"","_kad_post_content_style":"","_kad_post_vertical_padding":"","_kad_post_feature":"","_kad_post_feature_position":"","_kad_post_header":false,"_kad_post_footer":false,"_kad_post_classname":"","jetpack_post_was_ever_published":false,"_jetpack_newsletter_access":"","_jetpack_dont_email_post_to_subs":false,"_jetpack_newsletter_tier_id":0,"_jetpack_memberships_contains_paywalled_content":false,"_jetpack_memberships_contains_paid_content":false,"footnotes":""},"categories":[24],"tags":[285,7,56,92,173,120,142,62,21,147,225,52,154,145,207,245,347,26],"class_list":["post-3653","post","type-post","status-publish","format-standard","hentry","category-society-family-racism","tag-285","tag-article","tag-care","tag-country-of-origin","tag-cross-cultural-communication","tag-data-analysis","tag-elderly","tag-everyday-life","tag-family","tag-family-reunification","tag-first-generation","tag-french-language","tag-interviews","tag-second-generation","tag-social-networks","tag-temporary-migration","tag-testimonies","tag-transnationalism"],"jetpack_featured_media_url":"","jetpack_sharing_enabled":true,"_links":{"self":[{"href":"https:\/\/swissmig.unine.ch\/index.php?rest_route=\/wp\/v2\/posts\/3653","targetHints":{"allow":["GET"]}}],"collection":[{"href":"https:\/\/swissmig.unine.ch\/index.php?rest_route=\/wp\/v2\/posts"}],"about":[{"href":"https:\/\/swissmig.unine.ch\/index.php?rest_route=\/wp\/v2\/types\/post"}],"author":[{"embeddable":true,"href":"https:\/\/swissmig.unine.ch\/index.php?rest_route=\/wp\/v2\/users\/4"}],"replies":[{"embeddable":true,"href":"https:\/\/swissmig.unine.ch\/index.php?rest_route=%2Fwp%2Fv2%2Fcomments&post=3653"}],"version-history":[{"count":0,"href":"https:\/\/swissmig.unine.ch\/index.php?rest_route=\/wp\/v2\/posts\/3653\/revisions"}],"wp:attachment":[{"href":"https:\/\/swissmig.unine.ch\/index.php?rest_route=%2Fwp%2Fv2%2Fmedia&parent=3653"}],"wp:term":[{"taxonomy":"category","embeddable":true,"href":"https:\/\/swissmig.unine.ch\/index.php?rest_route=%2Fwp%2Fv2%2Fcategories&post=3653"},{"taxonomy":"post_tag","embeddable":true,"href":"https:\/\/swissmig.unine.ch\/index.php?rest_route=%2Fwp%2Fv2%2Ftags&post=3653"}],"curies":[{"name":"wp","href":"https:\/\/api.w.org\/{rel}","templated":true}]}}