{"id":36528,"date":"2024-06-03T08:00:00","date_gmt":"2024-06-03T07:00:00","guid":{"rendered":"https:\/\/swissmig.wordpress.com\/?p=36528"},"modified":"2024-06-03T08:00:00","modified_gmt":"2024-06-03T07:00:00","slug":"diskriminierendes-anzeigeverhalten-von-opfern-gegenuber-auslandern-neue-aspekte-der-auslanderkriminalitat-aufgrund-von-daten-der-schweizerischen-opferbefragung","status":"publish","type":"post","link":"https:\/\/swissmig.unine.ch\/?p=36528","title":{"rendered":"Diskriminierendes Anzeigeverhalten von Opfern gegen\u00fcber Ausl\u00e4ndern? Neue Aspekte der Ausl\u00e4nderkriminalit\u00e4t aufgrund von Daten der schweizerischen Opferbefragung"},"content":{"rendered":"<h3>Author(s) : Martin Killias<\/h3>\n<h3>Source : <a href=\"https:\/\/doi.org\/10.1515\/mks-1988-710302\" target=\"_blank\" rel=\"noopener\">https:\/\/doi.org\/10.1515\/mks-1988-710302<\/a><\/h3>\n<p><strong>Abstract:<br \/>\n<\/strong><\/p>\n<p>&#8220;<span dir=\"ltr\">Immer wieder wurde die Hypothese aufgestellt, da\u00df Ausl\u00e4nder von den Opfern h\u00e4ufiger angezeigt <\/span><span dir=\"ltr\">werden als Einheimische, und da\u00df dieser Umstand die Ubervertretung der Ausl\u00e4nder in den Krimi<\/span><span dir=\"ltr\">nalstatistiken namentlich im Bereich der Gewaltdelikte erkl\u00e4re. Diese Hypothese wurde anhand der <\/span><span dir=\"ltr\">Angaben \u00fcberpr\u00fcft, die die Opfer im Rahmen der schweizerischen Opferbefragung zur Person des <\/span><span dir=\"ltr\">T\u00e4ters gemacht haben. Es zeigte sich keine diskriminierende Tendenz seitens der Opfer, und zwar <\/span><span dir=\"ltr\">auch nicht bei Kontrolle verschiedener weiterer Variablen. Die Nationalit\u00e4t des T\u00e4ters scheint daher <\/span><span dir=\"ltr\">auf das Anzeigeverhalten der Opfer keinen Hmtlu\u00df auszu\u00fcben, zumindest nicht bei den hier unter<\/span><span dir=\"ltr\">suchten (lewaltdelikten)<\/span>.&#8221;<\/p>\n","protected":false},"excerpt":{"rendered":"<p>Author(s) : Martin Killias Source : https:\/\/doi.org\/10.1515\/mks-1988-710302 Abstract: &#8220;Immer wieder&#8230;<\/p>\n","protected":false},"author":4,"featured_media":0,"comment_status":"open","ping_status":"open","sticky":false,"template":"","format":"standard","meta":{"_kadence_starter_templates_imported_post":false,"_kad_post_transparent":"","_kad_post_title":"","_kad_post_layout":"","_kad_post_sidebar_id":"","_kad_post_content_style":"","_kad_post_vertical_padding":"","_kad_post_feature":"","_kad_post_feature_position":"","_kad_post_header":false,"_kad_post_footer":false,"_kad_post_classname":"","jetpack_post_was_ever_published":false,"_jetpack_newsletter_access":"","_jetpack_dont_email_post_to_subs":true,"_jetpack_newsletter_tier_id":0,"_jetpack_memberships_contains_paywalled_content":false,"_jetpack_memberships_contains_paid_content":false,"footnotes":""},"categories":[35,12],"tags":[614,7,37,307,57,209,82,28,73,303,212,257],"class_list":["post-36528","post","type-post","status-publish","format-standard","hentry","category-history","category-politics","tag-614","tag-article","tag-attitudes-towards-migrants","tag-civil-and-political-rights","tag-comparative-analysis","tag-criminal-behaviour","tag-ethnic-discrimination","tag-foreigners","tag-german-language","tag-legal-aspects","tag-security","tag-stereotypes"],"jetpack_featured_media_url":"","jetpack_sharing_enabled":true,"_links":{"self":[{"href":"https:\/\/swissmig.unine.ch\/index.php?rest_route=\/wp\/v2\/posts\/36528","targetHints":{"allow":["GET"]}}],"collection":[{"href":"https:\/\/swissmig.unine.ch\/index.php?rest_route=\/wp\/v2\/posts"}],"about":[{"href":"https:\/\/swissmig.unine.ch\/index.php?rest_route=\/wp\/v2\/types\/post"}],"author":[{"embeddable":true,"href":"https:\/\/swissmig.unine.ch\/index.php?rest_route=\/wp\/v2\/users\/4"}],"replies":[{"embeddable":true,"href":"https:\/\/swissmig.unine.ch\/index.php?rest_route=%2Fwp%2Fv2%2Fcomments&post=36528"}],"version-history":[{"count":0,"href":"https:\/\/swissmig.unine.ch\/index.php?rest_route=\/wp\/v2\/posts\/36528\/revisions"}],"wp:attachment":[{"href":"https:\/\/swissmig.unine.ch\/index.php?rest_route=%2Fwp%2Fv2%2Fmedia&parent=36528"}],"wp:term":[{"taxonomy":"category","embeddable":true,"href":"https:\/\/swissmig.unine.ch\/index.php?rest_route=%2Fwp%2Fv2%2Fcategories&post=36528"},{"taxonomy":"post_tag","embeddable":true,"href":"https:\/\/swissmig.unine.ch\/index.php?rest_route=%2Fwp%2Fv2%2Ftags&post=36528"}],"curies":[{"name":"wp","href":"https:\/\/api.w.org\/{rel}","templated":true}]}}