{"id":36511,"date":"2024-06-03T08:00:00","date_gmt":"2024-06-03T07:00:00","guid":{"rendered":"https:\/\/swissmig.wordpress.com\/?p=36511"},"modified":"2024-06-03T08:00:00","modified_gmt":"2024-06-03T07:00:00","slug":"laccueil-de-refugie%c2%b7e%c2%b7s-mineur%c2%b7e%c2%b7s-non-accompagne%c2%b7e%c2%b7s-en-suisse-entre-assistance-et-coercition","status":"publish","type":"post","link":"https:\/\/swissmig.unine.ch\/?p=36511","title":{"rendered":"L\u2019accueil de r\u00e9fugi\u00e9\u00b7e\u00b7s mineur\u00b7e\u00b7s non accompagn\u00e9\u00b7e\u00b7s en Suisse, entre assistance et coercition"},"content":{"rendered":"\n<h3 class=\"wp-block-heading\">Author(s) : Rebecca M\u00f6rgen, Ellen H\u00f6hne, Peter Rieker<\/h3>\n\n\n\n<h3 class=\"wp-block-heading\">Source : <a href=\"https:\/\/serval.unil.ch\/resource\/serval:BIB_C67056340AFE.P001\/REF#page=174\" target=\"_blank\" rel=\"noreferrer noopener\">https:\/\/serval.unil.ch\/resource\/serval:BIB_C67056340AFE.P001\/REF#page=174<\/a><\/h3>\n\n\n\n<p><strong>Abstract: <\/strong><\/p>\n\n\n\n<!--more-->\n\n\n\n<blockquote class=\"wp-block-quote is-layout-flow wp-block-quote-is-layout-flow\">\n<p>L\u2019accueil de r\u00e9fugi\u00e9\u00b7e\u00b7s mineur\u00b7e\u00b7s non accompagn\u00e9\u00b7e\u00b7s comporte de nombreux d\u00e9fis \u2013 non seulement en raison des \u00e9preuves que les enfants et les adolescent\u00b7e\u00b7s ont subies dans leur pays d\u2019origine et au cours de leur fuite, mais aussi parce que leur h\u00e9bergement et leur prise en charge rel\u00e8vent de la comp\u00e9tence de diff\u00e9rentes instances et institutions qui ne sont pas toujours suffisamment pr\u00e9par\u00e9es et \u00e9quip\u00e9es pour ces t\u00e2ches. Compte tenu de cette situation, les offres d\u2019assistance s\u2019accompagnent de moments de coercition, dont certains sont abord\u00e9s dans la pr\u00e9sente contribution. Dans ce qui suit, nous utilisons l\u2019appellation cat\u00e9gorielle de \u00ab mineur\u00b7e\u00b7s non accompagn\u00e9\u00b7e\u00b7s \u00bb, abr\u00e9g\u00e9 en \u00ab MNA \u00bb, pour d\u00e9signer les r\u00e9fugi\u00e9\u00b7e\u00b7s mineur\u00b7e\u00b7s non accompagn\u00e9\u00b7e\u00b7s. \u00c0 la diff\u00e9rence de l\u2019expression allemande unbegleitete minderj\u00e4hrige Asylsuchende, c\u2019est-\u00e0-dire \u00ab requ\u00e9rant\u00b7e\u00b7s d\u2019asile mineur\u00b7e\u00b7s non accompagn\u00e9\u00b7e\u00b7s \u00bb, la d\u00e9signation MNA englobe tous les jeunes qui vivent en Suisse sans tuteur l\u00e9gal, et ne se rapporte pas uniquement au statut de la proc\u00e9dure d\u2019asile<\/p>\n<\/blockquote>\n","protected":false},"excerpt":{"rendered":"<p>Author(s) : Rebecca M\u00f6rgen, Ellen H\u00f6hne, Peter Rieker Source :&#8230;<\/p>\n","protected":false},"author":4,"featured_media":0,"comment_status":"open","ping_status":"open","sticky":false,"template":"","format":"standard","meta":{"_kadence_starter_templates_imported_post":false,"_kad_post_transparent":"","_kad_post_title":"","_kad_post_layout":"","_kad_post_sidebar_id":"","_kad_post_content_style":"","_kad_post_vertical_padding":"","_kad_post_feature":"","_kad_post_feature_position":"","_kad_post_header":false,"_kad_post_footer":false,"_kad_post_classname":"","jetpack_post_was_ever_published":false,"_jetpack_newsletter_access":"","_jetpack_dont_email_post_to_subs":false,"_jetpack_newsletter_tier_id":0,"_jetpack_memberships_contains_paywalled_content":false,"_jetpack_memberships_contains_paid_content":false,"footnotes":""},"categories":[24],"tags":[291,407,49,32,318,232,52,104,36,90,617,91,64,118],"class_list":["post-36511","post","type-post","status-publish","format-standard","hentry","category-society-family-racism","tag-291","tag-access-to-education","tag-asylum-policy","tag-book-chapter","tag-children","tag-education","tag-french-language","tag-living-conditions","tag-migration-policy","tag-reception-policy","tag-refugee-centres","tag-social-integration","tag-unaccompanied-minors","tag-youth"],"jetpack_featured_media_url":"","jetpack_sharing_enabled":true,"_links":{"self":[{"href":"https:\/\/swissmig.unine.ch\/index.php?rest_route=\/wp\/v2\/posts\/36511","targetHints":{"allow":["GET"]}}],"collection":[{"href":"https:\/\/swissmig.unine.ch\/index.php?rest_route=\/wp\/v2\/posts"}],"about":[{"href":"https:\/\/swissmig.unine.ch\/index.php?rest_route=\/wp\/v2\/types\/post"}],"author":[{"embeddable":true,"href":"https:\/\/swissmig.unine.ch\/index.php?rest_route=\/wp\/v2\/users\/4"}],"replies":[{"embeddable":true,"href":"https:\/\/swissmig.unine.ch\/index.php?rest_route=%2Fwp%2Fv2%2Fcomments&post=36511"}],"version-history":[{"count":0,"href":"https:\/\/swissmig.unine.ch\/index.php?rest_route=\/wp\/v2\/posts\/36511\/revisions"}],"wp:attachment":[{"href":"https:\/\/swissmig.unine.ch\/index.php?rest_route=%2Fwp%2Fv2%2Fmedia&parent=36511"}],"wp:term":[{"taxonomy":"category","embeddable":true,"href":"https:\/\/swissmig.unine.ch\/index.php?rest_route=%2Fwp%2Fv2%2Fcategories&post=36511"},{"taxonomy":"post_tag","embeddable":true,"href":"https:\/\/swissmig.unine.ch\/index.php?rest_route=%2Fwp%2Fv2%2Ftags&post=36511"}],"curies":[{"name":"wp","href":"https:\/\/api.w.org\/{rel}","templated":true}]}}