{"id":36500,"date":"2024-06-03T08:00:00","date_gmt":"2024-06-03T07:00:00","guid":{"rendered":"https:\/\/swissmig.wordpress.com\/?p=36500"},"modified":"2024-06-03T08:00:00","modified_gmt":"2024-06-03T07:00:00","slug":"ordentlich-einburgern-in-der-schweiz-die-auswirkungen-des-neuen-burgerrechtsgesetzes-des-bundes-und-wege-zu-einem-inklusiveren-system-der-einburgerung","status":"publish","type":"post","link":"https:\/\/swissmig.unine.ch\/?p=36500","title":{"rendered":"Ordentlich einb\u00fcrgern in der Schweiz: die Auswirkungen des neuen B\u00fcrgerrechtsgesetzes des Bundes und Wege zu einem inklusiveren System der Einb\u00fcrgerung"},"content":{"rendered":"\n<h3 class=\"wp-block-heading\">Author(s) : Rosita Fibbi, Barbara von R\u00fctte, Philippe Wanner<\/h3>\n\n\n\n<h3 class=\"wp-block-heading\">Source : <a href=\"https:\/\/www.newsd.admin.ch\/newsd\/message\/attachments\/87798.pdf\" target=\"_blank\" rel=\"noreferrer noopener\">https:\/\/www.newsd.admin.ch\/newsd\/message\/attachments\/87798.pdf<\/a><\/h3>\n\n\n\n<p><strong>Abstract<\/strong> N\/A<\/p>\n","protected":false},"excerpt":{"rendered":"<p>Author(s) : Rosita Fibbi, Barbara von R\u00fctte, Philippe Wanner Source&#8230;<\/p>\n","protected":false},"author":4,"featured_media":0,"comment_status":"open","ping_status":"open","sticky":false,"template":"","format":"standard","meta":{"_kadence_starter_templates_imported_post":false,"_kad_post_transparent":"","_kad_post_title":"","_kad_post_layout":"","_kad_post_sidebar_id":"","_kad_post_content_style":"","_kad_post_vertical_padding":"","_kad_post_feature":"","_kad_post_feature_position":"","_kad_post_header":false,"_kad_post_footer":false,"_kad_post_classname":"","jetpack_post_was_ever_published":false,"_jetpack_newsletter_access":"","_jetpack_dont_email_post_to_subs":false,"_jetpack_newsletter_tier_id":0,"_jetpack_memberships_contains_paywalled_content":false,"_jetpack_memberships_contains_paid_content":false,"footnotes":""},"categories":[12],"tags":[291,70,307,82,73,129,93,249],"class_list":["post-36500","post","type-post","status-publish","format-standard","hentry","category-politics","tag-291","tag-citizenship","tag-civil-and-political-rights","tag-ethnic-discrimination","tag-german-language","tag-law","tag-naturalization","tag-report"],"jetpack_featured_media_url":"","jetpack_sharing_enabled":true,"_links":{"self":[{"href":"https:\/\/swissmig.unine.ch\/index.php?rest_route=\/wp\/v2\/posts\/36500","targetHints":{"allow":["GET"]}}],"collection":[{"href":"https:\/\/swissmig.unine.ch\/index.php?rest_route=\/wp\/v2\/posts"}],"about":[{"href":"https:\/\/swissmig.unine.ch\/index.php?rest_route=\/wp\/v2\/types\/post"}],"author":[{"embeddable":true,"href":"https:\/\/swissmig.unine.ch\/index.php?rest_route=\/wp\/v2\/users\/4"}],"replies":[{"embeddable":true,"href":"https:\/\/swissmig.unine.ch\/index.php?rest_route=%2Fwp%2Fv2%2Fcomments&post=36500"}],"version-history":[{"count":0,"href":"https:\/\/swissmig.unine.ch\/index.php?rest_route=\/wp\/v2\/posts\/36500\/revisions"}],"wp:attachment":[{"href":"https:\/\/swissmig.unine.ch\/index.php?rest_route=%2Fwp%2Fv2%2Fmedia&parent=36500"}],"wp:term":[{"taxonomy":"category","embeddable":true,"href":"https:\/\/swissmig.unine.ch\/index.php?rest_route=%2Fwp%2Fv2%2Fcategories&post=36500"},{"taxonomy":"post_tag","embeddable":true,"href":"https:\/\/swissmig.unine.ch\/index.php?rest_route=%2Fwp%2Fv2%2Ftags&post=36500"}],"curies":[{"name":"wp","href":"https:\/\/api.w.org\/{rel}","templated":true}]}}