{"id":365,"date":"2017-08-26T09:42:54","date_gmt":"2017-08-26T08:42:54","guid":{"rendered":"https:\/\/swissmig.wordpress.com\/?p=365"},"modified":"2017-08-26T09:42:54","modified_gmt":"2017-08-26T08:42:54","slug":"confronting-active-ageing-with-empirical-evidence-a-structural-equation-model-approach-the-case-of-older-migrants-living-in-switzerland","status":"publish","type":"post","link":"https:\/\/swissmig.unine.ch\/?p=365","title":{"rendered":"Confronting Active Ageing with Empirical Evidence: A Structural Equation Model Approach. The Case of Older Migrants Living in Switzerland"},"content":{"rendered":"<h3>Author(s) : Laure Kaeser, Jonathan Zufferey<\/h3>\n<h3>Source : <a href=\"https:\/\/archive-ouverte.unige.ch\/unige:78254\" target=\"_blank\" rel=\"noopener\">https:\/\/archive-ouverte.unige.ch\/unige:78254<\/a><\/h3>\n<p><strong>Abstract: <\/strong><!--more--><\/p>\n<div class=\"panel-pane pane-content-field pane-field-abstract\">\n<div class=\"pane-content\">\n<div class=\"field field-type-text field-field-abstract\">\n<div class=\"field-items\">\n<div class=\"field-item odd\">\n<p>Cet article \u00e9tudie la relation entre les normes contemporaines du vieillissement et les pratiques des personnes \u00e2g\u00e9es. Il confronte les ambitions politiques pour un vieillissement actif aux conditions de vie des personnes \u00e2g\u00e9es. L\u2019accent est port\u00e9 ici sur les migrants \u00e2g\u00e9s qui sont surrepr\u00e9sent\u00e9s parmi les populations vuln\u00e9rables. Les donn\u00e9es exploit\u00e9es proviennent de l\u2019enqu\u00eate \u00ab Vivre\/Leben\/Vivere \u00bb qui traite des conditions de vie des individus de plus de 65 ans. A l\u2019aide de mod\u00e8les d\u2019\u00e9quations structurelles, cet article identifie des configurations d\u2019activit\u00e9s et d\u00e9termine quels sont les facteurs explicatifs qui structurent l\u2019acc\u00e8s au vieillissement actif. Il montre ainsi que le concept de vieillissement actif n\u2019englobe pas l\u2019ensemble des activit\u00e9s des personnes \u00e2g\u00e9es et \u00e9lude les in\u00e9galit\u00e9s socio\u00e9conomiques.<\/p>\n<\/div>\n<\/div>\n<\/div>\n<\/div>\n<\/div>\n<p>&nbsp;<\/p>\n<div><\/div>\n<p>&nbsp;<\/p>\n","protected":false},"excerpt":{"rendered":"<p>Author(s) : Laure Kaeser, Jonathan Zufferey Source : https:\/\/archive-ouverte.unige.ch\/unige:78254 Abstract:<\/p>\n","protected":false},"author":4,"featured_media":0,"comment_status":"open","ping_status":"open","sticky":false,"template":"","format":"standard","meta":{"_kadence_starter_templates_imported_post":false,"_kad_post_transparent":"","_kad_post_title":"","_kad_post_layout":"","_kad_post_sidebar_id":"","_kad_post_content_style":"","_kad_post_vertical_padding":"","_kad_post_feature":"","_kad_post_feature_position":"","_kad_post_header":false,"_kad_post_footer":false,"_kad_post_classname":"","jetpack_post_was_ever_published":false,"_jetpack_newsletter_access":"","_jetpack_dont_email_post_to_subs":false,"_jetpack_newsletter_tier_id":0,"_jetpack_memberships_contains_paywalled_content":false,"_jetpack_memberships_contains_paid_content":false,"footnotes":""},"categories":[24],"tags":[141,7,142,52,104,60,143,144],"class_list":["post-365","post","type-post","status-publish","format-standard","hentry","category-society-family-racism","tag-141","tag-article","tag-elderly","tag-french-language","tag-living-conditions","tag-older-migrants","tag-statistical-data","tag-vulnerability"],"jetpack_featured_media_url":"","jetpack_sharing_enabled":true,"_links":{"self":[{"href":"https:\/\/swissmig.unine.ch\/index.php?rest_route=\/wp\/v2\/posts\/365","targetHints":{"allow":["GET"]}}],"collection":[{"href":"https:\/\/swissmig.unine.ch\/index.php?rest_route=\/wp\/v2\/posts"}],"about":[{"href":"https:\/\/swissmig.unine.ch\/index.php?rest_route=\/wp\/v2\/types\/post"}],"author":[{"embeddable":true,"href":"https:\/\/swissmig.unine.ch\/index.php?rest_route=\/wp\/v2\/users\/4"}],"replies":[{"embeddable":true,"href":"https:\/\/swissmig.unine.ch\/index.php?rest_route=%2Fwp%2Fv2%2Fcomments&post=365"}],"version-history":[{"count":0,"href":"https:\/\/swissmig.unine.ch\/index.php?rest_route=\/wp\/v2\/posts\/365\/revisions"}],"wp:attachment":[{"href":"https:\/\/swissmig.unine.ch\/index.php?rest_route=%2Fwp%2Fv2%2Fmedia&parent=365"}],"wp:term":[{"taxonomy":"category","embeddable":true,"href":"https:\/\/swissmig.unine.ch\/index.php?rest_route=%2Fwp%2Fv2%2Fcategories&post=365"},{"taxonomy":"post_tag","embeddable":true,"href":"https:\/\/swissmig.unine.ch\/index.php?rest_route=%2Fwp%2Fv2%2Ftags&post=365"}],"curies":[{"name":"wp","href":"https:\/\/api.w.org\/{rel}","templated":true}]}}