{"id":36489,"date":"2024-05-27T08:00:00","date_gmt":"2024-05-27T07:00:00","guid":{"rendered":"https:\/\/swissmig.wordpress.com\/?p=36489"},"modified":"2024-05-27T08:00:00","modified_gmt":"2024-05-27T07:00:00","slug":"bestimmungsgrunde-der-schweizerischen-uberseeauswanderung-im-19-und-fruhen-20-jahrhundert","status":"publish","type":"post","link":"https:\/\/swissmig.unine.ch\/?p=36489","title":{"rendered":"Bestimmungsgr\u00fcnde der schweizerischen \u00dcberseeauswanderung im 19. und fr\u00fchen 20. Jahrhundert"},"content":{"rendered":"<h3>Author(s) : Heiner Ritzmann<\/h3>\n<h3>Source : <a href=\"https:\/\/doi.org\/10.5169\/seals-871719\" target=\"_blank\" rel=\"noopener\">https:\/\/doi.org\/10.5169\/seals-871719<\/a><\/h3>\n<p><strong>Abstract:<br \/>\n<\/strong><\/p>\n<p>&#8220;In den 124 Jahren, die zwischen dem Abschluss des Wiener Kongresses und der Entfesselung des Zweiten Welkrieges liegen, verlor die Schweiz durch interkontinentale bzw. transozeanische Auswanderung \u00fcber eine halbe Million Menschen. Im j\u00e4hrlichen Mittel belief sich der Verlust auf mindestens 4000 Personen. Der dramatische Eindruck, den diese Zahlen hervorrufen, bedarf freilich in mehrfacher Hinsicht der Relativierung. Zun\u00e4chst gilt es zu beachten, dass seit Beginn des letzten Jahrhunderts in unserem Land die Geburten die Sterbef\u00e4lle im zehnj\u00e4hrigen Mittel stets deutlich \u00fcbertrafen. Die nationale Wanderungsbilanz, die zwischen 1850 und 1888 sowie zwischen 1914 und 1940 negativ ausgefallen ist, war in den dazwischenliegenden Jahrzehnten stark positiv. Landesweit hat die \u00fcberseeische Auswanderung zu keinem Zeitpunkt das Wachstum der Bev\u00f6lkerung in Frage gestellt.&#8221;<\/p>\n","protected":false},"excerpt":{"rendered":"<p>Author(s) : Heiner Ritzmann Source : https:\/\/doi.org\/10.5169\/seals-871719 Abstract: &#8220;In den&#8230;<\/p>\n","protected":false},"author":4,"featured_media":0,"comment_status":"open","ping_status":"open","sticky":false,"template":"","format":"standard","meta":{"_kadence_starter_templates_imported_post":false,"_kad_post_transparent":"","_kad_post_title":"","_kad_post_layout":"","_kad_post_sidebar_id":"","_kad_post_content_style":"","_kad_post_vertical_padding":"","_kad_post_feature":"","_kad_post_feature_position":"","_kad_post_header":false,"_kad_post_footer":false,"_kad_post_classname":"","jetpack_post_was_ever_published":false,"_jetpack_newsletter_access":"","_jetpack_dont_email_post_to_subs":true,"_jetpack_newsletter_tier_id":0,"_jetpack_memberships_contains_paywalled_content":false,"_jetpack_memberships_contains_paid_content":false,"footnotes":""},"categories":[35],"tags":[550,457,557,137,613,73,104,531,242,46,143,677],"class_list":["post-36489","post","type-post","status-publish","format-standard","hentry","category-history","tag-550","tag-americas","tag-brazil","tag-emigration","tag-forced-migration","tag-german-language","tag-living-conditions","tag-population-dynamics","tag-push-and-pull-factors","tag-return-migration","tag-statistical-data","tag-war"],"jetpack_featured_media_url":"","jetpack_sharing_enabled":true,"_links":{"self":[{"href":"https:\/\/swissmig.unine.ch\/index.php?rest_route=\/wp\/v2\/posts\/36489","targetHints":{"allow":["GET"]}}],"collection":[{"href":"https:\/\/swissmig.unine.ch\/index.php?rest_route=\/wp\/v2\/posts"}],"about":[{"href":"https:\/\/swissmig.unine.ch\/index.php?rest_route=\/wp\/v2\/types\/post"}],"author":[{"embeddable":true,"href":"https:\/\/swissmig.unine.ch\/index.php?rest_route=\/wp\/v2\/users\/4"}],"replies":[{"embeddable":true,"href":"https:\/\/swissmig.unine.ch\/index.php?rest_route=%2Fwp%2Fv2%2Fcomments&post=36489"}],"version-history":[{"count":0,"href":"https:\/\/swissmig.unine.ch\/index.php?rest_route=\/wp\/v2\/posts\/36489\/revisions"}],"wp:attachment":[{"href":"https:\/\/swissmig.unine.ch\/index.php?rest_route=%2Fwp%2Fv2%2Fmedia&parent=36489"}],"wp:term":[{"taxonomy":"category","embeddable":true,"href":"https:\/\/swissmig.unine.ch\/index.php?rest_route=%2Fwp%2Fv2%2Fcategories&post=36489"},{"taxonomy":"post_tag","embeddable":true,"href":"https:\/\/swissmig.unine.ch\/index.php?rest_route=%2Fwp%2Fv2%2Ftags&post=36489"}],"curies":[{"name":"wp","href":"https:\/\/api.w.org\/{rel}","templated":true}]}}