{"id":36469,"date":"2024-05-20T08:00:00","date_gmt":"2024-05-20T07:00:00","guid":{"rendered":"https:\/\/swissmig.wordpress.com\/?p=36469"},"modified":"2024-05-20T08:00:00","modified_gmt":"2024-05-20T07:00:00","slug":"weisses-papier-weisse-archive-uber-die-notwendigkeit-der-dekolonisierung-von-schweizer-archiven","status":"publish","type":"post","link":"https:\/\/swissmig.unine.ch\/?p=36469","title":{"rendered":"Weisses Papier, weisse Archive. \u00dcber die Notwendigkeit der Dekolonisierung von Schweizer Archiven"},"content":{"rendered":"<h3>Author(s) : Stephanie Willi<\/h3>\n<h3>Source : <a href=\"https:\/\/doi.org\/10.18755\/iw.2024.22\" target=\"_blank\" rel=\"noopener\">https:\/\/doi.org\/10.18755\/iw.2024.22<\/a><\/h3>\n<p><strong>Abstract:<br \/>\n<\/strong><\/p>\n<p>&#8220;Die Debatte \u00fcber die Dekolonisierung von Geschichte und Ged\u00e4chtnisinstitutionen wird aktuell in der Schweiz haupts\u00e4chlich von Museen und ethnographischen Sammlungen gef\u00fchrt. Es m\u00fcssen aber auch andere Ged\u00e4chtniseinrichtungen wie Bibliotheken und Archive hinterfragt werden. Sie sind Orte, in denen Wissen und Material aus und \u00fcber koloniale Kontexte gesammelt und aufbewahrt werden, und sie nehmen eine grosse Verantwortung ein, wie mit der kolonialen Vergangenheit umzugehen ist. Denn, obwohl die Schweiz nie Kolonien besass, war sie Teil von kolonialen Verstrickungen, weshalb sich in Schweizer Archiven Best\u00e4nde mit kolonialem Bezug finden. Die aktuelle Unt\u00e4tigkeit der Archive in diesem Bereich bedeutet, dass unterdr\u00fcckende, rassistische Strukturen weiterhin unterst\u00fctzt werden. Eine dekoloniale Archivpraxis und -politik tr\u00e4gt dazu bei, das Archiv inklusiver und diverser zu gestalten. Dieser Artikel m\u00f6chte einen Beitrag dazu leisten und zeigt praktische Handlungsoptionen auf.&#8221;<\/p>\n","protected":false},"excerpt":{"rendered":"<p>Author(s) : Stephanie Willi Source : https:\/\/doi.org\/10.18755\/iw.2024.22 Abstract: &#8220;Die Debatte&#8230;<\/p>\n","protected":false},"author":4,"featured_media":0,"comment_status":"open","ping_status":"open","sticky":false,"template":"","format":"standard","meta":{"_kadence_starter_templates_imported_post":false,"_kad_post_transparent":"","_kad_post_title":"","_kad_post_layout":"","_kad_post_sidebar_id":"","_kad_post_content_style":"","_kad_post_vertical_padding":"","_kad_post_feature":"","_kad_post_feature_position":"","_kad_post_header":false,"_kad_post_footer":false,"_kad_post_classname":"","jetpack_post_was_ever_published":false,"_jetpack_newsletter_access":"","_jetpack_dont_email_post_to_subs":false,"_jetpack_newsletter_tier_id":0,"_jetpack_memberships_contains_paywalled_content":false,"_jetpack_memberships_contains_paid_content":false,"footnotes":""},"categories":[35],"tags":[291,750,545,775,82,634,73,736,347],"class_list":["post-36469","post","type-post","status-publish","format-standard","hentry","category-history","tag-291","tag-archives","tag-colonialism","tag-decolonisation","tag-ethnic-discrimination","tag-ethnography","tag-german-language","tag-narratives","tag-testimonies"],"jetpack_featured_media_url":"","jetpack_sharing_enabled":true,"_links":{"self":[{"href":"https:\/\/swissmig.unine.ch\/index.php?rest_route=\/wp\/v2\/posts\/36469","targetHints":{"allow":["GET"]}}],"collection":[{"href":"https:\/\/swissmig.unine.ch\/index.php?rest_route=\/wp\/v2\/posts"}],"about":[{"href":"https:\/\/swissmig.unine.ch\/index.php?rest_route=\/wp\/v2\/types\/post"}],"author":[{"embeddable":true,"href":"https:\/\/swissmig.unine.ch\/index.php?rest_route=\/wp\/v2\/users\/4"}],"replies":[{"embeddable":true,"href":"https:\/\/swissmig.unine.ch\/index.php?rest_route=%2Fwp%2Fv2%2Fcomments&post=36469"}],"version-history":[{"count":0,"href":"https:\/\/swissmig.unine.ch\/index.php?rest_route=\/wp\/v2\/posts\/36469\/revisions"}],"wp:attachment":[{"href":"https:\/\/swissmig.unine.ch\/index.php?rest_route=%2Fwp%2Fv2%2Fmedia&parent=36469"}],"wp:term":[{"taxonomy":"category","embeddable":true,"href":"https:\/\/swissmig.unine.ch\/index.php?rest_route=%2Fwp%2Fv2%2Fcategories&post=36469"},{"taxonomy":"post_tag","embeddable":true,"href":"https:\/\/swissmig.unine.ch\/index.php?rest_route=%2Fwp%2Fv2%2Ftags&post=36469"}],"curies":[{"name":"wp","href":"https:\/\/api.w.org\/{rel}","templated":true}]}}